{
    "29580-3138803":
    {
        "datetime_modified":"20160309T171815",
        "datetime_start":"20160315T150000",
        "datetime_end":"20160315T190000",
        "has_end_time":1,
        "date_start":"2016-03-15",
        "date_end":"2016-03-15",
        "time_start":"15:00:00",
        "time_end":"19:00:00",
        "time_zone":"America\/Detroit",
        "event_title":"Exhibition: Research Through Making",
        "occurrence_title":"",
        "combined_title":"Exhibition: Research Through Making",
        "event_subtitle":"",
        "event_type":"Exhibition",
        "event_type_id":"7",
        "description":"The University of Michigan's Taubman College of Architecture and Urban Planning presents...Research Through Making.\r\n\r\nHistorically, research and creative practice have been constructed as \"opposites.\" This is not an unusual struggle in architecture schools, particularly in the context of a research university. This perceived tension between design and research is indicative of age-old anxieties within the architecture field to understand its nature as an \"applied art.\" Design can be a purely creative activity not unlike creative practices in music and art. In other cases, design can be a purely problem solving activity, not unlike research in engineering and industrial production.\r\n\r\nIn its seventh year, University of Michigan Taubman College's Research Through Making (RTM) Program provides seed funding for faculty research, worked on by faculty, students and interdisciplinary experts. The exhibition presents tangible results of their collaborative work.\r\n\r\nPresentation of projects will start at 6:00pm in the Art & Architecture Building Auditorium, with a reception to follow at the Liberty Annex.\r\n\r\nResearch Through Making Installations:\r\n\r\n\"Tap\"\r\nAdam Fure\r\n\r\n\"Panots & Mosiacs: The Plasticity of Hydraulic Cement through Making\"\r\nAna Morcillo Pallares and Jonathan Rule\r\n\r\n\"Dip and Dive in the D\"\r\nClaudia Wigger\r\n\r\n\"Infundibuliforms: Cable Robot Actuated Kinetic Environments\"\r\nWes McGee, Geoffrey Th\u00fcn, Kathy Velikov\r\n\r\n\"Post Rock\"\r\nMeredith Miller and Thom Moran\r\n\r\nGrant submissions were anonymously evaluated by a distinguished jury from outside the college:\r\n\r\nBenjamin Ball, Lead Artist and Principal, Ball-Nogues Studio\r\nBrooke Hodge, Deputy director, Cooper Hewitt, Smithsonian Design Museum\r\nMark Lamster, Architecture critic, The Dallas Morning News\r\n\r\n\u200bThis exhibition runs from March 10 - April 15. \r\n\r\nThe Liberty Gallery is located at 305 W. Liberty Street in downtown Ann Arbor. Exhibition hours are Thursday to Sunday from 3:00-7:00pm unless otherwise noted.\r\n\r\nAbout University of Michigan Taubman College of Architecture and Urban Planning:\r\n\r\nThe Taubman College of Architecture and Urban Planning at the University of Michigan is a leader in interdisciplinary education and research with a focus on creating a more beautiful, inclusive and better built environment. The college and its alumni are committed to pushing the boundaries of architectural practice, advancing global engagement, and significantly enhancing diversity in the profession. The college offers the following degrees: Bachelor of Science in Architecture, Master of Architecture (currently ranked #6 nationally; ranked #1 in 2010 by Design Intelligence Report), Master of Science in Architecture, Master of Urban Planning, Master of Urban Design, and PhD programs.",
        "occurrence_notes":null,
                "guid":"29580-3138803@events.umich.edu",
        "permalink":"http:\/\/events.umich.edu\/event\/29580",
        "building_id":"1005324",
        "building_name":"305 W Liberty",
        "campus_maps_id":"586",
        "room":"Liberty Research Annex",
        "location_name":"305 W Liberty",
        "has_livestream":0,
        "cost":"",
        "tags":["Architecture","Discussion","Graduate","Graduate School","Lecture","Public Policy","Research","Sociology"],
        "website":"http:\/\/taubmancollege.umich.edu\/events\/2016\/03\/09\/exhibition-opening-research-through-making",
        "sponsors":[
             {
                "group_name":"A. Alfred Taubman College of Architecture + Urban Planning",
                "group_id":"1111",
                "website":""                }                    ],
        "image_url":"https:\/\/events.umich.edu\/media\/attachments\/2016\/03\/event_29580_original.jpeg",
        "styled_images":{
                                        "event_thumb":"https:\/\/events.umich.edu\/media\/cache\/resolve\/event_thumb\/media\/attachments\/2016\/03\/event_29580_original.jpeg",
                                            "event_large":"https:\/\/events.umich.edu\/media\/cache\/event_large\/media\/attachments\/2016\/03\/event_29580_original.jpeg",
                                            "event_large_2x":"https:\/\/events.umich.edu\/media\/cache\/resolve\/event_large_2x\/media\/attachments\/2016\/03\/event_29580_original.jpeg",
                                            "event_large_lightbox":"https:\/\/events.umich.edu\/media\/cache\/event_large_lightbox\/media\/attachments\/2016\/03\/event_29580_original.jpeg",
                                            "group_thumb":"https:\/\/events.umich.edu\/media\/cache\/resolve\/group_thumb\/media\/attachments\/2016\/03\/event_29580_original.jpeg",
                                            "group_thumb_square":"https:\/\/events.umich.edu\/media\/cache\/resolve\/group_thumb_square\/media\/attachments\/2016\/03\/event_29580_original.jpeg",
                                            "group_large":"https:\/\/events.umich.edu\/media\/cache\/resolve\/group_large\/media\/attachments\/2016\/03\/event_29580_original.jpeg",
                                            "group_large_lightbox":"https:\/\/events.umich.edu\/media\/cache\/group_large_lightbox\/media\/attachments\/2016\/03\/event_29580_original.jpeg",
                                            "event_large_crop":"https:\/\/events.umich.edu\/media\/cache\/resolve\/event_large_crop\/media\/attachments\/2016\/03\/event_29580_original.jpeg",
                                            "event_list":"https:\/\/events.umich.edu\/media\/cache\/event_list\/media\/attachments\/2016\/03\/event_29580_original.jpeg",
                                            "event_list_2x":"https:\/\/events.umich.edu\/media\/cache\/event_list_2x\/media\/attachments\/2016\/03\/event_29580_original.jpeg",
                                            "event_grid":"https:\/\/events.umich.edu\/media\/cache\/event_grid\/media\/attachments\/2016\/03\/event_29580_original.jpeg",
                                            "event_grid_2x":"https:\/\/events.umich.edu\/media\/cache\/resolve\/event_grid_2x\/media\/attachments\/2016\/03\/event_29580_original.jpeg",
                                            "event_feature_large":"https:\/\/events.umich.edu\/media\/cache\/resolve\/event_feature_large\/media\/attachments\/2016\/03\/event_29580_original.jpeg",
                                            "event_feature_thumb":"https:\/\/events.umich.edu\/media\/cache\/resolve\/event_feature_thumb\/media\/attachments\/2016\/03\/event_29580_original.jpeg"                    },
        "occurrence_count":37,
        "first_occurrence":3138798
    }    ,    "28374-2727914":
    {
        "datetime_modified":"20160303T140234",
        "datetime_start":"20160315T160000",
        "datetime_end":"20160315T180000",
        "has_end_time":1,
        "date_start":"2016-03-15",
        "date_end":"2016-03-15",
        "time_start":"16:00:00",
        "time_end":"18:00:00",
        "time_zone":"America\/Detroit",
        "event_title":"\"The Power of the Broken: Sir Thomas Browne\u2019s Religio Medici and Aphoristic Writing\"",
        "occurrence_title":"",
        "combined_title":"\"The Power of the Broken: Sir Thomas Browne\u2019s Religio Medici and Aphoristic Writing\": Professor Reid Barbour. UNC Chapel Hill",
        "event_subtitle":"Professor Reid Barbour. UNC Chapel Hill",
        "event_type":"Lecture \/ Discussion",
        "event_type_id":"13",
        "description":"Whereas seeking the generic affiliations and mixtures of Religio Medici has helped us to make sense of certain features of its dazzling intricacies, it has neglected to consider the shape in which the eight extant manuscripts have come to us. Especially in two manuscripts whose provenance links them closely to Browne himself, the text of Religio Medici is broken into smaller portions of prose than are found in the print editions from 1642 onward. Considered together with the fact that in the first manuscript stage of composition, but also in the 1643 authorized edition Browne divides his meditations by numbers rather than titles, this brokenness prompts us to consider the possibility that the mode if not the genres of Religio Medici was intended by the author and received by its earliest readers aphoristically.",
        "occurrence_notes":null,
                "guid":"28374-2727914@events.umich.edu",
        "permalink":"http:\/\/events.umich.edu\/event\/28374",
        "building_id":"1",
        "building_name":"Angell Hall",
        "campus_maps_id":"12",
        "room":"3222",
        "location_name":"Angell Hall",
        "has_livestream":0,
        "cost":"",
        "tags":["AEM Featured","Classical Studies","History"],
        "website":"http:\/\/www.lsa.umich.edu\/contextsforclassics",
        "sponsors":[
             {
                "group_name":"Institute for the Humanities",
                "group_id":"1130",
                "website":"http:\/\/www.lsa.umich.edu\/humanities"                },             {
                "group_name":"Medieval and Early Modern Studies (MEMS)",
                "group_id":"3257",
                "website":"http:\/\/www.lsa.umich.edu\/mems\/"                }                    ],
        "image_url":"https:\/\/events.umich.edu\/media\/attachments\/2016\/03\/event_28374_original.jpeg",
        "styled_images":{
                                        "event_thumb":"https:\/\/events.umich.edu\/media\/cache\/resolve\/event_thumb\/media\/attachments\/2016\/03\/event_28374_original.jpeg",
                                            "event_large":"https:\/\/events.umich.edu\/media\/cache\/event_large\/media\/attachments\/2016\/03\/event_28374_original.jpeg",
                                            "event_large_2x":"https:\/\/events.umich.edu\/media\/cache\/event_large_2x\/media\/attachments\/2016\/03\/event_28374_original.jpeg",
                                            "event_large_lightbox":"https:\/\/events.umich.edu\/media\/cache\/event_large_lightbox\/media\/attachments\/2016\/03\/event_28374_original.jpeg",
                                            "group_thumb":"https:\/\/events.umich.edu\/media\/cache\/resolve\/group_thumb\/media\/attachments\/2016\/03\/event_28374_original.jpeg",
                                            "group_thumb_square":"https:\/\/events.umich.edu\/media\/cache\/resolve\/group_thumb_square\/media\/attachments\/2016\/03\/event_28374_original.jpeg",
                                            "group_large":"https:\/\/events.umich.edu\/media\/cache\/resolve\/group_large\/media\/attachments\/2016\/03\/event_28374_original.jpeg",
                                            "group_large_lightbox":"https:\/\/events.umich.edu\/media\/cache\/group_large_lightbox\/media\/attachments\/2016\/03\/event_28374_original.jpeg",
                                            "event_large_crop":"https:\/\/events.umich.edu\/media\/cache\/resolve\/event_large_crop\/media\/attachments\/2016\/03\/event_28374_original.jpeg",
                                            "event_list":"https:\/\/events.umich.edu\/media\/cache\/event_list\/media\/attachments\/2016\/03\/event_28374_original.jpeg",
                                            "event_list_2x":"https:\/\/events.umich.edu\/media\/cache\/event_list_2x\/media\/attachments\/2016\/03\/event_28374_original.jpeg",
                                            "event_grid":"https:\/\/events.umich.edu\/media\/cache\/event_grid\/media\/attachments\/2016\/03\/event_28374_original.jpeg",
                                            "event_grid_2x":"https:\/\/events.umich.edu\/media\/cache\/event_grid_2x\/media\/attachments\/2016\/03\/event_28374_original.jpeg",
                                            "event_feature_large":"https:\/\/events.umich.edu\/media\/cache\/event_feature_large\/media\/attachments\/2016\/03\/event_28374_original.jpeg",
                                            "event_feature_thumb":"https:\/\/events.umich.edu\/media\/cache\/event_feature_thumb\/media\/attachments\/2016\/03\/event_28374_original.jpeg"                    },
        "occurrence_count":1,
        "first_occurrence":2727914
    }    ,    "29543-3136369":
    {
        "datetime_modified":"20160309T111421",
        "datetime_start":"20160315T160000",
        "datetime_end":"20160315T180000",
        "has_end_time":1,
        "date_start":"2016-03-15",
        "date_end":"2016-03-15",
        "time_start":"16:00:00",
        "time_end":"18:00:00",
        "time_zone":"America\/Detroit",
        "event_title":"In Defense of Food (Documentary Screening)",
        "occurrence_title":"",
        "combined_title":"In Defense of Food (Documentary Screening)",
        "event_subtitle":"",
        "event_type":"Film Screening",
        "event_type_id":"11",
        "description":"Following the film, Nutritional Sciences Lecturer Susan Aaronson will lead a short discussion. Healthy snacks will be provided. \r\n\r\nIn Defense of Food debunks the daily media barrage of conflicting claims about nutrition. Traveling the globe and exploring the supermarket aisles to illustrate the principles of his bestselling \u201ceater\u2019s manifesto,\u201d Michael Pollan offers a clear answer to one of the most confounding and urgent questions of our time: What should I eat to be healthy?\r\n\r\nSponsored by: The UM Sustainable Food Systems Initiative and Student Advocates for Nutrition",
        "occurrence_notes":null,
                "guid":"29543-3136369@events.umich.edu",
        "permalink":"http:\/\/events.umich.edu\/event\/29543",
        "building_id":"null",
        "building_name":"Off Campus Location",
        "campus_maps_id":"1",
        "room":"1755",
        "location_name":"UM School of Public Health 1",
        "has_livestream":0,
        "cost":"",
        "tags":["Film","Food","Graduate","Nutrition","Politics","Public Health","Public Policy","Social Impact","Social Justice","Sociology","Sustainability","Undergraduate"],
        "website":"http:\/\/sites.lsa.umich.edu\/sustainablefoodsystems\/2016\/02\/14\/film-screening-in-defense-of-food-march-15\/",
        "sponsors":[
             {
                "group_name":"UM Sustainable Food Systems Initiative",
                "group_id":"3433",
                "website":""                }                    ],
        "image_url":"https:\/\/events.umich.edu\/media\/attachments\/2016\/03\/event_29543_original.jpeg",
        "styled_images":{
                                        "event_thumb":"https:\/\/events.umich.edu\/media\/cache\/resolve\/event_thumb\/media\/attachments\/2016\/03\/event_29543_original.jpeg",
                                            "event_large":"https:\/\/events.umich.edu\/media\/cache\/event_large\/media\/attachments\/2016\/03\/event_29543_original.jpeg",
                                            "event_large_2x":"https:\/\/events.umich.edu\/media\/cache\/event_large_2x\/media\/attachments\/2016\/03\/event_29543_original.jpeg",
                                            "event_large_lightbox":"https:\/\/events.umich.edu\/media\/cache\/event_large_lightbox\/media\/attachments\/2016\/03\/event_29543_original.jpeg",
                                            "group_thumb":"https:\/\/events.umich.edu\/media\/cache\/resolve\/group_thumb\/media\/attachments\/2016\/03\/event_29543_original.jpeg",
                                            "group_thumb_square":"https:\/\/events.umich.edu\/media\/cache\/resolve\/group_thumb_square\/media\/attachments\/2016\/03\/event_29543_original.jpeg",
                                            "group_large":"https:\/\/events.umich.edu\/media\/cache\/resolve\/group_large\/media\/attachments\/2016\/03\/event_29543_original.jpeg",
                                            "group_large_lightbox":"https:\/\/events.umich.edu\/media\/cache\/group_large_lightbox\/media\/attachments\/2016\/03\/event_29543_original.jpeg",
                                            "event_large_crop":"https:\/\/events.umich.edu\/media\/cache\/event_large_crop\/media\/attachments\/2016\/03\/event_29543_original.jpeg",
                                            "event_list":"https:\/\/events.umich.edu\/media\/cache\/event_list\/media\/attachments\/2016\/03\/event_29543_original.jpeg",
                                            "event_list_2x":"https:\/\/events.umich.edu\/media\/cache\/event_list_2x\/media\/attachments\/2016\/03\/event_29543_original.jpeg",
                                            "event_grid":"https:\/\/events.umich.edu\/media\/cache\/event_grid\/media\/attachments\/2016\/03\/event_29543_original.jpeg",
                                            "event_grid_2x":"https:\/\/events.umich.edu\/media\/cache\/event_grid_2x\/media\/attachments\/2016\/03\/event_29543_original.jpeg",
                                            "event_feature_large":"https:\/\/events.umich.edu\/media\/cache\/resolve\/event_feature_large\/media\/attachments\/2016\/03\/event_29543_original.jpeg",
                                            "event_feature_thumb":"https:\/\/events.umich.edu\/media\/cache\/event_feature_thumb\/media\/attachments\/2016\/03\/event_29543_original.jpeg"                    },
        "occurrence_count":1,
        "first_occurrence":3136369
    }    ,    "29226-3022507":
    {
        "datetime_modified":"20160308T094511",
        "datetime_start":"20160315T160000",
        "datetime_end":"20160315T180000",
        "has_end_time":1,
        "date_start":"2016-03-15",
        "date_end":"2016-03-15",
        "time_start":"16:00:00",
        "time_end":"18:00:00",
        "time_zone":"America\/Detroit",
        "event_title":"No M\u00e1s Beb\u00e9s",
        "occurrence_title":"",
        "combined_title":"No M\u00e1s Beb\u00e9s: Film screening + Q&A with Filmmaker Renee Tajima-Pe\u00f1a",
        "event_subtitle":"Film screening + Q&A with Filmmaker Renee Tajima-Pe\u00f1a",
        "event_type":"Film Screening",
        "event_type_id":"11",
        "description":"No M\u00e1s Beb\u00e9s tells the story of a little-known but landmark event in reproductive justice, when a small group of Mexican immigrant women sued county doctors, the state, and the U.S. government after they were sterilized while giving birth at Los Angeles County-USC Medical Center during the late 1960s and early 1970s. Marginalized and fearful, many of these mothers spoke no English, and charged that they had been coerced into tubal ligation \u2014 having their tubes tied \u2014 by doctors during the late stages of labor. Often the procedure was performed after asking the mothers under duress.\r\n\r\nThe mothers\u2019 cause was eventually taken up by a young Chicana lawyer armed with hospital records secretly gathered by a whistle-blowing doctor. In their landmark 1975 civil rights lawsuit, Madrigal v. Quilligan, they argued that a woman\u2019s right to bear a child is guaranteed under the Supreme Court decision in Roe v. Wade.\r\n\r\nThe filmmakers spent five years tracking down sterilized mothers and witnesses. Most were reluctant at first to come forward, but ultimately agreed to tell their story. Set against a debate over the impact of Latino immigration and overpopulation, and the birth of a movement for Chicana rights and reproductive choice, No M\u00e1s Beb\u00e9s revisits a powerful story that still resonates today.\r\n\r\nRenee Tajima-Pe\u00f1a is an Academy Award nominated filmmaker whose credits include Who Killed Vincent Chin?, MY AMERICA...or Honk if You Love Buddha, and Calavera Highway.  Her films have screened at the Cannes Sundance and Toronto film festivals and she has been awarded the Guggenheim Fellowship, USA Broad Fellowship, Alpert Award in the Arts for Film\/Video, a Peabody and a Dupont-Columbia Award.\r\n\r\nTajima-Pe\u00f1a teaches social documentary at UCLA, where she is a professor of Asian American Studies, the director of the Center for EthnoCommunications and holds an endowed chair in Japanese American Studies.  She never went to film school, but traces the origins as a filmmaker to her student activism.  She was chair of the United Front Against Apartheid at Harvard, and while a student, made her first short film documenting the Socialist New Jewel Movement in Grenada.  She has been deeply involved in filmmakers of color movements and started her career as a member of the Third World Newsreel film collective.\r\n\r\nPresented by IRWG's Reproductive Justice Facutly Program, cosponsored by Sexual Rights and Reproductive Justice, Department of Obstetrics & Gynecology, Fellowship in Family Planning, Medical Students for Choice, Students for Choice, Department of Women's Studies, Law Students for Reproductive Justice, Latina\/o Studies, The Michigan Journal of Gender & Law, Latino Law Students Association, Michigan Immigration and Labor Law Association, ACLU MLaw Chapter, and Asian Pacific American Law Students Association, The Michigan Journal of Race & Law.\r\n\r\nPresented by IRWG's Reproductive Justice Faculty Program.",
        "occurrence_notes":null,
                "guid":"29226-3022507@events.umich.edu",
        "permalink":"http:\/\/events.umich.edu\/event\/29226",
        "building_id":"1000172",
        "building_name":"Rackham Graduate School (Horace H.)",
        "campus_maps_id":"71",
        "room":"Amphitheatre (4th Floor)",
        "location_name":"Rackham Graduate School (Horace H.)",
        "has_livestream":0,
        "cost":"",
        "tags":["Discussion","Film","Public Health","Social Justice","Women's Studies"],
        "website":"",
        "sponsors":[
             {
                "group_name":"Institute for Research on Women and Gender",
                "group_id":"1031",
                "website":"http:\/\/irwg.umich.edu\/"                },             {
                "group_name":"Asian Pacific American Law Students Association",
                "group_id":"1719",
                "website":"http:\/\/students.law.umich.edu\/apalsa\/"                },             {
                "group_name":"Latino Law Students Association",
                "group_id":"1873",
                "website":"http:\/\/www.law.umich.edu\/JournalsandOrgs\/llsa\/"                },             {
                "group_name":"Michigan Immigration Labor Law Association",
                "group_id":"2046",
                "website":""                },             {
                "group_name":"Law Students for Reproductive Justice",
                "group_id":"2530",
                "website":"http:\/\/lsrj.org"                },             {
                "group_name":"Students for Choice",
                "group_id":"3416",
                "website":""                },             {
                "group_name":"Latina\/o Studies",
                "group_id":"3632",
                "website":""                }                    ],
        "image_url":"https:\/\/events.umich.edu\/media\/attachments\/2016\/02\/event_29226_original.jpeg",
        "styled_images":{
                                        "event_thumb":"https:\/\/events.umich.edu\/media\/cache\/event_thumb\/media\/attachments\/2016\/02\/event_29226_original.jpeg",
                                            "event_large":"https:\/\/events.umich.edu\/media\/cache\/event_large\/media\/attachments\/2016\/02\/event_29226_original.jpeg",
                                            "event_large_2x":"https:\/\/events.umich.edu\/media\/cache\/event_large_2x\/media\/attachments\/2016\/02\/event_29226_original.jpeg",
                                            "event_large_lightbox":"https:\/\/events.umich.edu\/media\/cache\/event_large_lightbox\/media\/attachments\/2016\/02\/event_29226_original.jpeg",
                                            "group_thumb":"https:\/\/events.umich.edu\/media\/cache\/resolve\/group_thumb\/media\/attachments\/2016\/02\/event_29226_original.jpeg",
                                            "group_thumb_square":"https:\/\/events.umich.edu\/media\/cache\/resolve\/group_thumb_square\/media\/attachments\/2016\/02\/event_29226_original.jpeg",
                                            "group_large":"https:\/\/events.umich.edu\/media\/cache\/resolve\/group_large\/media\/attachments\/2016\/02\/event_29226_original.jpeg",
                                            "group_large_lightbox":"https:\/\/events.umich.edu\/media\/cache\/group_large_lightbox\/media\/attachments\/2016\/02\/event_29226_original.jpeg",
                                            "event_large_crop":"https:\/\/events.umich.edu\/media\/cache\/event_large_crop\/media\/attachments\/2016\/02\/event_29226_original.jpeg",
                                            "event_list":"https:\/\/events.umich.edu\/media\/cache\/event_list\/media\/attachments\/2016\/02\/event_29226_original.jpeg",
                                            "event_list_2x":"https:\/\/events.umich.edu\/media\/cache\/event_list_2x\/media\/attachments\/2016\/02\/event_29226_original.jpeg",
                                            "event_grid":"https:\/\/events.umich.edu\/media\/cache\/event_grid\/media\/attachments\/2016\/02\/event_29226_original.jpeg",
                                            "event_grid_2x":"https:\/\/events.umich.edu\/media\/cache\/event_grid_2x\/media\/attachments\/2016\/02\/event_29226_original.jpeg",
                                            "event_feature_large":"https:\/\/events.umich.edu\/media\/cache\/resolve\/event_feature_large\/media\/attachments\/2016\/02\/event_29226_original.jpeg",
                                            "event_feature_thumb":"https:\/\/events.umich.edu\/media\/cache\/event_feature_thumb\/media\/attachments\/2016\/02\/event_29226_original.jpeg"                    },
        "occurrence_count":1,
        "first_occurrence":3022507
    }    ,    "26978-2292763":
    {
        "datetime_modified":"20160308T140044",
        "datetime_start":"20160315T160000",
        "datetime_end":"20160315T170000",
        "has_end_time":1,
        "date_start":"2016-03-15",
        "date_end":"2016-03-15",
        "time_start":"16:00:00",
        "time_end":"17:00:00",
        "time_zone":"America\/Detroit",
        "event_title":"Positive Links Speaker Series",
        "occurrence_title":"",
        "combined_title":"Positive Links Speaker Series: Jerry Davis & Chris White present Leading Positive Change Without Authority",
        "event_subtitle":"Jerry Davis & Chris White present Leading Positive Change Without Authority",
        "event_type":"Lecture \/ Discussion",
        "event_type_id":"13",
        "description":"(Registration link under \"Web and Social\" at the bottom the page)\r\n\r\nGain inspiring and practical research-based strategies for building organizations that are high performing and bring out the best in people. Join us at the Positive Links Speaker Series to learn from leading Positive Organizational scholars. Connect with our community of academics, students, staff, and leaders at our receptions that immediately follow each session.\r\n\r\nHOSTED BY: Gretchen Spreitzer, the Faculty Co-Director at the Center for Positive Organizations; the Keith E. and Valerie J. Alessi Professor of Business Administration; and Professor of Management and Organizations at Michigan Ross.\r\n\r\nSESSION DESCRIPTION: Want to make a difference in your organization? In this session, Jerry Davis and Chris White (authors of Changing Your Company From the Inside Out) will provide a framework for advancing the initiatives that are important to you, your company, and the world.\r\n\r\nJERRY DAVIS received his Ph.D. from the Graduate School of Business at Stanford University and taught at Northwestern and Columbia before moving to the University of Michigan, where he is the Wilbur K. Pierpont Collegiate Professor of Management and of Sociology.  He has published widely in management, sociology, and finance.  Books include Social Movements and Organization Theory (Cambridge University Press, 2005); Organizations and Organizing (Pearson Prentice Hall, 2007); Managed by the Markets: How Finance Reshaped America (Oxford University Press, 2009); Changing your Company from the Inside Out: A Guide for Social Intrapreneurs (Harvard Business Review Press, 2015); and The Decline and Fall of the American Corporation (Berrett-Koehler, forthcoming).  He is Editor of the Administrative Science Quarterly and Director of the Interdisciplinary Committee on Organization Studies (ICOS) at the University of Michigan.\r\n \r\nDavis\u2019s research is broadly concerned with the effects of finance on society.  Recent writings examine how ideas about corporate social responsibility have evolved to meet changes in the structures and geographic footprint of multinational corporations; whether \"shareholder capitalism\" is still a viable model for economic development; how income inequality in an economy is related to corporate size and structure; why theories about organizations do (or do not) progress; how architecture shapes social networks and innovation in organizations; why stock markets spread to some countries and not others; and whether there exist viable organizational alternatives to shareholder-owned corporations in the United States.\r\n\r\nCHRIS WHITE leads the Center for Positive Organizations at The University of Michigan. The Center helps leaders build high-performing organizations that bring out the best in people through ground-breaking research, educational programs and organizational partnerships. The Center won the 2012 Research Center Impact Award from The Academy of Management.\r\n\r\nAt the Ross School of Business, Chris co-developed and teaches the MBA class on Social Intrapreneurship, which has since been replicated in other top business schools. He also teaches in the Executive Education program on selling internally. Chris is co-author of Changing Your Company From the Inside Out: A Guide for Social Intrapreneurs (Harvard Business Review Press, 2015).\r\n\r\nChris has been leading and consulting to purpose-driven organizations for 15 years. His career has spanned the non-profit, corporate, and philanthropic sectors. His work has been featured by outlets including Fast Company, Inc., Forbes, CBS, The Huffington Post, and Talent Management Magazine. \r\n\r\nPositive Links sessions take place at Michigan Ross, and are free and open to the public. Most sessions are live-streamed via a link from our Events page, and then a listing is added to our Videos page post-session. For more information, visit poslinksseries.com.\r\n\r\nThe Center for Positive Organizations thanks Diane and Paul Jones (Ross School of Business MBA 1975) for their generous gift in support of the 2015-2016 Positive Links Speaker Series.",
        "occurrence_notes":"Reception Immediately Following",
                "guid":"26978-2292763@events.umich.edu",
        "permalink":"http:\/\/events.umich.edu\/event\/26978",
        "building_id":"1005188",
        "building_name":"Ross School of Business",
        "campus_maps_id":"547",
        "room":"Colloquium, 6th Floor",
        "location_name":"Ross School of Business",
        "has_livestream":0,
        "cost":"",
        "tags":["Discussion","Free","Leadership","Research"],
        "website":"http:\/\/positiveorgs.bus.umich.edu\/events\/positive-links-speaker-series-session-lead-positive-change-without-authority\/",
        "sponsors":[
             {
                "group_name":"Michigan Ross Center for Positive Organizations",
                "group_id":"3448",
                "website":""                }                    ],
        "image_url":"https:\/\/events.umich.edu\/media\/attachments\/2015\/12\/event_26978_original.png",
        "styled_images":{
                                        "event_thumb":"https:\/\/events.umich.edu\/media\/cache\/resolve\/event_thumb\/media\/attachments\/2015\/12\/event_26978_original.png",
                                            "event_large":"https:\/\/events.umich.edu\/media\/cache\/event_large\/media\/attachments\/2015\/12\/event_26978_original.png",
                                            "event_large_2x":"https:\/\/events.umich.edu\/media\/cache\/resolve\/event_large_2x\/media\/attachments\/2015\/12\/event_26978_original.png",
                                            "event_large_lightbox":"https:\/\/events.umich.edu\/media\/cache\/event_large_lightbox\/media\/attachments\/2015\/12\/event_26978_original.png",
                                            "group_thumb":"https:\/\/events.umich.edu\/media\/cache\/resolve\/group_thumb\/media\/attachments\/2015\/12\/event_26978_original.png",
                                            "group_thumb_square":"https:\/\/events.umich.edu\/media\/cache\/resolve\/group_thumb_square\/media\/attachments\/2015\/12\/event_26978_original.png",
                                            "group_large":"https:\/\/events.umich.edu\/media\/cache\/resolve\/group_large\/media\/attachments\/2015\/12\/event_26978_original.png",
                                            "group_large_lightbox":"https:\/\/events.umich.edu\/media\/cache\/resolve\/group_large_lightbox\/media\/attachments\/2015\/12\/event_26978_original.png",
                                            "event_large_crop":"https:\/\/events.umich.edu\/media\/cache\/resolve\/event_large_crop\/media\/attachments\/2015\/12\/event_26978_original.png",
                                            "event_list":"https:\/\/events.umich.edu\/media\/cache\/event_list\/media\/attachments\/2015\/12\/event_26978_original.png",
                                            "event_list_2x":"https:\/\/events.umich.edu\/media\/cache\/event_list_2x\/media\/attachments\/2015\/12\/event_26978_original.png",
                                            "event_grid":"https:\/\/events.umich.edu\/media\/cache\/event_grid\/media\/attachments\/2015\/12\/event_26978_original.png",
                                            "event_grid_2x":"https:\/\/events.umich.edu\/media\/cache\/resolve\/event_grid_2x\/media\/attachments\/2015\/12\/event_26978_original.png",
                                            "event_feature_large":"https:\/\/events.umich.edu\/media\/cache\/resolve\/event_feature_large\/media\/attachments\/2015\/12\/event_26978_original.png",
                                            "event_feature_thumb":"https:\/\/events.umich.edu\/media\/cache\/resolve\/event_feature_thumb\/media\/attachments\/2015\/12\/event_26978_original.png"                    },
        "occurrence_count":1,
        "first_occurrence":2292763
    }    ,    "29333-3073967":
    {
        "datetime_modified":"20160302T084055",
        "datetime_start":"20160315T163000",
        "datetime_end":"20160315T183000",
        "has_end_time":1,
        "date_start":"2016-03-15",
        "date_end":"2016-03-15",
        "time_start":"16:30:00",
        "time_end":"18:30:00",
        "time_zone":"America\/Detroit",
        "event_title":"CJS Special Event | Walk in US, Talk on Japan -- U.S. Japan Relations",
        "occurrence_title":"",
        "combined_title":"CJS Special Event | Walk in US, Talk on Japan -- U.S. Japan Relations: Honorable Shuji Shimokoji, former Ambassador of Japan to Panama and Venezuela",
        "event_subtitle":"Honorable Shuji Shimokoji, former Ambassador of Japan to Panama and Venezuela",
        "event_type":"Lecture \/ Discussion",
        "event_type_id":"13",
        "description":"Panel & Reception\r\n\r\nFree & Open to the Public\r\n\r\nJoin us for an exciting and unique opportunity to meet Ambassador Shimokoji, and his team of panelists! Enjoy conversation during a welcome reception, then engage with the Ambassador and his team members in a stimulating dialogue on regional and global Japan-related issues. This project is by Japan\u2019s Office of the Prime Minister and open to everyone.\r\n\r\nThe goal of \u201cWalk in US, Talk on Japan\u201d is to increase awareness about Japan in the United States on a variety of issues and further develop the US\u2014Japan relationship through people-to-people diplomacy. Supported by the Prime Minister\u2019s Cabinet Office, teams of Japanese citizens of various backgrounds, led by former, high-ranking Japanese diplomats, travel to the US to share their perspectives and encourage open discussions with the local communities.\r\n\r\nThis team will be led by the Honorable Shuji Shimokoji, former Ambassador of Japan to Panama and Venezuela. The team will also include a retired businessman from the auto industry, a young CEO\/owner of a travel company, a retired Air Force General in Japan\u2019s Ministry of Defense, and a Shizuoka University student\u2014all ready to discuss issues on Japan\u2019s society, business, education, security, politics and economy.\r\n\r\nThis is designed to be a two-way dialogue. Your questions and views are most welcome.\r\n\r\nCosponsored by the Consulate General of Japan in Detroit and the U-M Dept. of Asian Languages and Cultures",
        "occurrence_notes":null,
                "guid":"29333-3073967@events.umich.edu",
        "permalink":"http:\/\/events.umich.edu\/event\/29333",
        "building_id":"1000219",
        "building_name":"School of Social Work Building",
        "campus_maps_id":"138",
        "room":"Room 1636",
        "location_name":"School of Social Work Building",
        "has_livestream":0,
        "cost":"",
        "tags":["Japanese Studies"],
        "website":"",
        "sponsors":[
             {
                "group_name":"Center for Japanese Studies",
                "group_id":"1003",
                "website":""                },             {
                "group_name":"Asian Languages and Cultures",
                "group_id":"3364",
                "website":"http:\/\/www.lsa.umich.edu\/asian"                }                    ],
        "image_url":"",
        "styled_images":{
                                        "event_thumb":"",
                                            "event_large":"",
                                            "event_large_2x":"",
                                            "event_large_lightbox":"",
                                            "group_thumb":"",
                                            "group_thumb_square":"",
                                            "group_large":"",
                                            "group_large_lightbox":"",
                                            "event_large_crop":"",
                                            "event_list":"",
                                            "event_list_2x":"",
                                            "event_grid":"",
                                            "event_grid_2x":"",
                                            "event_feature_large":"",
                                            "event_feature_thumb":""                    },
        "occurrence_count":1,
        "first_occurrence":3073967
    }    ,    "29262-3056211":
    {
        "datetime_modified":"20160229T094254",
        "datetime_start":"20160315T170000",
        "datetime_end":"20160315T180000",
        "has_end_time":1,
        "date_start":"2016-03-15",
        "date_end":"2016-03-15",
        "time_start":"17:00:00",
        "time_end":"18:00:00",
        "time_zone":"America\/Detroit",
        "event_title":"How Sincerity in Literature Was Made: Soviet Children's Writers and the Moral Revival of the Mid-1950s",
        "occurrence_title":"",
        "combined_title":"How Sincerity in Literature Was Made: Soviet Children's Writers and the Moral Revival of the Mid-1950s: Maria Maiofis, Associate Professor at the Russian Academy of National Economy and Public Administration",
        "event_subtitle":"Maria Maiofis, Associate Professor at the Russian Academy of National Economy and Public Administration",
        "event_type":"Lecture \/ Discussion",
        "event_type_id":"13",
        "description":"It is generally acknowledged that the beginning of the \u201cThaw\u201d epoch in Soviet literature was marked by the publication of Vladimir Pomerantsev\u2019s article \u201cOn sincerity in literature\u201d (December, 1953). There sincerity was interpreted not as a writer\u2019s inclination to \u201copen\u201d his\/her inner world to the public, but rather as a moral demand to critically represent the social environment and social conditions. This view acquired wide support in the milieu of reformatory-minded Soviet writers, especially those who specialized in children's literature. This talk is intended to discover what literary plots, images and devices were required and were really used in order to fulfill this moral and social duty and what peculiar and sometimes odd literary forms arose in response to the new imperatives.\r\n\r\nMaria Maiofis is an Associate Professor and Senior Research Fellow at the School of Advanced Research in the Humanities, Russian Academy of National Economy and Public Administration. She is the author of Appeal to Europe: the Literary Society \u201cArzamas\u201d and the Russian Modernization Project of 1815-1818 (in Russian, 2008), and a co-editor of volumes on the history of Soviet children\u2019s and youth culture and education, most recently, Islands of Utopia: Social and Pedagogical Approaches to Modeling Post-WWII School (in Russian, 2015).",
        "occurrence_notes":null,
                "guid":"29262-3056211@events.umich.edu",
        "permalink":"http:\/\/events.umich.edu\/event\/29262",
        "building_id":"1005179",
        "building_name":"202 S. Thayer",
        "campus_maps_id":"524",
        "room":"Osterman Common Room",
        "location_name":"202 S. Thayer",
        "has_livestream":0,
        "cost":"",
        "tags":["Culture","Lecture","Literature"],
        "website":"",
        "sponsors":[
             {
                "group_name":"Slavic Languages & Literatures",
                "group_id":"3700",
                "website":"http:\/\/www.facebook.com\/umslavic\/"                }                    ],
        "image_url":"",
        "styled_images":{
                                        "event_thumb":"",
                                            "event_large":"",
                                            "event_large_2x":"",
                                            "event_large_lightbox":"",
                                            "group_thumb":"",
                                            "group_thumb_square":"",
                                            "group_large":"",
                                            "group_large_lightbox":"",
                                            "event_large_crop":"",
                                            "event_list":"",
                                            "event_list_2x":"",
                                            "event_grid":"",
                                            "event_grid_2x":"",
                                            "event_feature_large":"",
                                            "event_feature_thumb":""                    },
        "occurrence_count":1,
        "first_occurrence":3056211
    }    ,    "24657-2570592":
    {
        "datetime_modified":"20160107T134159",
        "datetime_start":"20160315T170000",
        "datetime_end":"20160315T173000",
        "has_end_time":1,
        "date_start":"2016-03-15",
        "date_end":"2016-03-15",
        "time_start":"17:00:00",
        "time_end":"17:30:00",
        "time_zone":"America\/Detroit",
        "event_title":"Ready, Set, Go Global",
        "occurrence_title":"",
        "combined_title":"Ready, Set, Go Global",
        "event_subtitle":"",
        "event_type":"Presentation",
        "event_type_id":"16",
        "description":"Take a big step toward a study abroad experience at UM by attending a Ready, Set, Go Global session. Learn more about study programs around the world, scholarships and other financial aid, the CGIS application process, courses in your major, and credit transfer.\r\nRSGG sessions are offered Monday through Friday from 5\u20135:30pm in the CGIS office in G155 Angell Hall. Attending an RSGG session is a required part of applying to a CGIS study abroad program.",
        "occurrence_notes":null,
                "guid":"24657-2570592@events.umich.edu",
        "permalink":"http:\/\/events.umich.edu\/event\/24657",
        "building_id":"1",
        "building_name":"Angell Hall",
        "campus_maps_id":"12",
        "room":"CGIS Office, G155",
        "location_name":"Angell Hall",
        "has_livestream":0,
        "cost":"",
        "tags":["International","Multicultural","Study Abroad","Undergraduate"],
        "website":"http:\/\/www.lsa.umich.edu\/cgis\/getting-started",
        "sponsors":[
             {
                "group_name":"Center for Global and Intercultural Study",
                "group_id":"2726",
                "website":"http:\/\/www.lsa.umich.edu\/cgis"                }                    ],
        "image_url":"https:\/\/events.umich.edu\/media\/attachments\/2015\/09\/event_24657_original.jpeg",
        "styled_images":{
                                        "event_thumb":"https:\/\/events.umich.edu\/media\/cache\/event_thumb\/media\/attachments\/2015\/09\/event_24657_original.jpeg",
                                            "event_large":"https:\/\/events.umich.edu\/media\/cache\/event_large\/media\/attachments\/2015\/09\/event_24657_original.jpeg",
                                            "event_large_2x":"https:\/\/events.umich.edu\/media\/cache\/event_large_2x\/media\/attachments\/2015\/09\/event_24657_original.jpeg",
                                            "event_large_lightbox":"https:\/\/events.umich.edu\/media\/cache\/event_large_lightbox\/media\/attachments\/2015\/09\/event_24657_original.jpeg",
                                            "group_thumb":"https:\/\/events.umich.edu\/media\/cache\/resolve\/group_thumb\/media\/attachments\/2015\/09\/event_24657_original.jpeg",
                                            "group_thumb_square":"https:\/\/events.umich.edu\/media\/cache\/resolve\/group_thumb_square\/media\/attachments\/2015\/09\/event_24657_original.jpeg",
                                            "group_large":"https:\/\/events.umich.edu\/media\/cache\/resolve\/group_large\/media\/attachments\/2015\/09\/event_24657_original.jpeg",
                                            "group_large_lightbox":"https:\/\/events.umich.edu\/media\/cache\/group_large_lightbox\/media\/attachments\/2015\/09\/event_24657_original.jpeg",
                                            "event_large_crop":"https:\/\/events.umich.edu\/media\/cache\/resolve\/event_large_crop\/media\/attachments\/2015\/09\/event_24657_original.jpeg",
                                            "event_list":"https:\/\/events.umich.edu\/media\/cache\/event_list\/media\/attachments\/2015\/09\/event_24657_original.jpeg",
                                            "event_list_2x":"https:\/\/events.umich.edu\/media\/cache\/event_list_2x\/media\/attachments\/2015\/09\/event_24657_original.jpeg",
                                            "event_grid":"https:\/\/events.umich.edu\/media\/cache\/event_grid\/media\/attachments\/2015\/09\/event_24657_original.jpeg",
                                            "event_grid_2x":"https:\/\/events.umich.edu\/media\/cache\/resolve\/event_grid_2x\/media\/attachments\/2015\/09\/event_24657_original.jpeg",
                                            "event_feature_large":"https:\/\/events.umich.edu\/media\/cache\/event_feature_large\/media\/attachments\/2015\/09\/event_24657_original.jpeg",
                                            "event_feature_thumb":"https:\/\/events.umich.edu\/media\/cache\/event_feature_thumb\/media\/attachments\/2015\/09\/event_24657_original.jpeg"                    },
        "occurrence_count":67,
        "first_occurrence":2570524
    }    ,    "28597-2768152":
    {
        "datetime_modified":"20160218T121544",
        "datetime_start":"20160315T173000",
        "datetime_end":"",
        "has_end_time":0,
        "date_start":"2016-03-15",
        "date_end":"",
        "time_start":"17:30:00",
        "time_end":"",
        "time_zone":"America\/Detroit",
        "event_title":"Collaborative Recital: Cello, Composition, Harpsichord, and Voice",
        "occurrence_title":"",
        "combined_title":"Collaborative Recital: Cello, Composition, Harpsichord, and Voice",
        "event_subtitle":"",
        "event_type":"Performance",
        "event_type_id":"15",
        "description":"This concert features premiere performances of new vocal and instrumental works by U-M composition students in collaboration with the SMTD cello, voice, and harpsichord studios.",
        "occurrence_notes":null,
                "guid":"28597-2768152@events.umich.edu",
        "permalink":"http:\/\/events.umich.edu\/event\/28597",
        "building_id":"1000440",
        "building_name":"Earl V. Moore Building",
        "campus_maps_id":"52",
        "room":"McIntosh Theatre",
        "location_name":"Earl V. Moore Building",
        "has_livestream":0,
        "cost":"Free - no tickets required",
        "tags":["Free","Music","North campus"],
        "website":"http:\/\/music.umich.edu",
        "sponsors":[
             {
                "group_name":"School of Music, Theatre & Dance (SMTD)",
                "group_id":"155",
                "website":"http:\/\/smtd.umich.edu\/events"                }                    ],
        "image_url":"",
        "styled_images":{
                                        "event_thumb":"",
                                            "event_large":"",
                                            "event_large_2x":"",
                                            "event_large_lightbox":"",
                                            "group_thumb":"",
                                            "group_thumb_square":"",
                                            "group_large":"",
                                            "group_large_lightbox":"",
                                            "event_large_crop":"",
                                            "event_list":"",
                                            "event_list_2x":"",
                                            "event_grid":"",
                                            "event_grid_2x":"",
                                            "event_feature_large":"",
                                            "event_feature_thumb":""                    },
        "occurrence_count":1,
        "first_occurrence":2768152
    }    ,    "29190-3013365":
    {
        "datetime_modified":"20160330T123010",
        "datetime_start":"20160315T173000",
        "datetime_end":"20160315T183000",
        "has_end_time":1,
        "date_start":"2016-03-15",
        "date_end":"2016-03-15",
        "time_start":"17:30:00",
        "time_end":"18:30:00",
        "time_zone":"America\/Detroit",
        "event_title":"How to Break into Advertising with U-M Alumnus Charlie Pawlik",
        "occurrence_title":"",
        "combined_title":"How to Break into Advertising with U-M Alumnus Charlie Pawlik",
        "event_subtitle":"",
        "event_type":"Careers \/ Jobs",
        "event_type_id":"2",
        "description":"If you are interested in a career in advertising, this is a can't miss event! \n\nCharlie Pawlik, a U of M alumnus, will share his expertise on how to break into the field of advertising. Based on his experience in the field, Charlie will share tips on the job search process and answer questions from students as well. \n\nCharlie is an Account Executive for Magnetic, an ad-tech company based in NYC. Charlie's main expertise lies in digital media including programmatic audience targeting, SEO\/SEM, video display, email marketing, social and cross-device marketing. \n\nCharlie will join the session remotely, but we will host all participants in The Career Center on the 3rd floor of the Student Activities Building. Students are asked to register for the event by clicking \"join event\" on the event page: https:\/\/umich.joinhandshake.com\/events\/12987",
        "occurrence_notes":null,
                "guid":"29190-3013365@events.umich.edu",
        "permalink":"http:\/\/events.umich.edu\/event\/29190",
        "building_id":"",
        "building_name":"",
        "campus_maps_id":"",
        "room":"",
        "location_name":"Program Room (3003) The Career Center, 3200 Student Activities Building 515 E Jefferson St, Ann Arbor, MI, United States",
        "has_livestream":0,
        "cost":"",
        "tags":[],
        "website":"",
        "sponsors":[
             {
                "group_name":"University Career Center UCC",
                "group_id":"1140",
                "website":"http:\/\/careercenter.umich.edu"                }                    ],
        "image_url":"",
        "styled_images":{
                                        "event_thumb":"",
                                            "event_large":"",
                                            "event_large_2x":"",
                                            "event_large_lightbox":"",
                                            "group_thumb":"",
                                            "group_thumb_square":"",
                                            "group_large":"",
                                            "group_large_lightbox":"",
                                            "event_large_crop":"",
                                            "event_list":"",
                                            "event_list_2x":"",
                                            "event_grid":"",
                                            "event_grid_2x":"",
                                            "event_feature_large":"",
                                            "event_feature_thumb":""                    },
        "occurrence_count":1,
        "first_occurrence":3013365
    }    ,    "29419-3093900":
    {
        "datetime_modified":"20160330T123011",
        "datetime_start":"20160315T174500",
        "datetime_end":"20160315T191500",
        "has_end_time":1,
        "date_start":"2016-03-15",
        "date_end":"2016-03-15",
        "time_start":"17:45:00",
        "time_end":"19:15:00",
        "time_zone":"America\/Detroit",
        "event_title":"Cardinal Health Executive Presentation & Networking",
        "occurrence_title":"",
        "combined_title":"Cardinal Health Executive Presentation & Networking",
        "event_subtitle":"",
        "event_type":"Careers \/ Jobs",
        "event_type_id":"2",
        "description":"We want you to start your career with us. But first, start a conversation with us. Go ahead, ask us anything. About our people. Our business. Our culture. Because the more you ask, the more you\u2019ll see why launching your career with us is about a lot more than just the work you\u2019ll do.\n\nJoin University of Michigan alum, Susan Jacobson, to learn more about Cardinal Health, the healthcare industry, and our opportunities. This event is open to all grade levels and all majors. Pizza and beverages will be provided. Check-in begins at 5:45 p.m. in Ross School of Business, R1220.",
        "occurrence_notes":null,
                "guid":"29419-3093900@events.umich.edu",
        "permalink":"http:\/\/events.umich.edu\/event\/29419",
        "building_id":"",
        "building_name":"",
        "campus_maps_id":"",
        "room":"",
        "location_name":"R1220 Ross School of Business 701 Tappan Ave, Ann Arbor, MI 48109, USA",
        "has_livestream":0,
        "cost":"",
        "tags":[],
        "website":"",
        "sponsors":[
             {
                "group_name":"University Career Center UCC",
                "group_id":"1140",
                "website":"http:\/\/careercenter.umich.edu"                }                    ],
        "image_url":"",
        "styled_images":{
                                        "event_thumb":"",
                                            "event_large":"",
                                            "event_large_2x":"",
                                            "event_large_lightbox":"",
                                            "group_thumb":"",
                                            "group_thumb_square":"",
                                            "group_large":"",
                                            "group_large_lightbox":"",
                                            "event_large_crop":"",
                                            "event_list":"",
                                            "event_list_2x":"",
                                            "event_grid":"",
                                            "event_grid_2x":"",
                                            "event_feature_large":"",
                                            "event_feature_thumb":""                    },
        "occurrence_count":1,
        "first_occurrence":3093900
    }    ,    "29227-3022508":
    {
        "datetime_modified":"20160225T134804",
        "datetime_start":"20160315T180000",
        "datetime_end":"20160315T193000",
        "has_end_time":1,
        "date_start":"2016-03-15",
        "date_end":"2016-03-15",
        "time_start":"18:00:00",
        "time_end":"19:30:00",
        "time_zone":"America\/Detroit",
        "event_title":"54th Ann Arbor Film Festival",
        "occurrence_title":"",
        "combined_title":"54th Ann Arbor Film Festival",
        "event_subtitle":"",
        "event_type":"Film Screening",
        "event_type_id":"11",
        "description":"The Jean & Samuel Frankel Center for Judaic Studies is excited to be participating in the 54th Ann Arbor Film Festival as a community partner for the Chantal Akerman series.\r\n\r\nMarch 15 @ 6 PM - \"I Don't Belong Anywhere: The Cinema of Chantal Akerman\"\r\nMarch 16 @ 5 PM - \"News From Home\"\r\nMarch 18 @ 5 PM - \"D'Est\"\r\nMarch 20 @ 1 PM - \"No Home Movie\"\r\n\r\nUse this code AAFF54_UMFRANKEL when buying online tickets for a discount on the program admission!\r\n\r\nThe Ann Arbor Film Festival is the longest running independent and experimental film festival in North America. The 54th AAFF takes place March 15 - 20, 2016 and presents over 200 films, videos and performances from more than 20 countries with dozens of U.S., N. American and world premieres. For more info: aafilmfest.org",
        "occurrence_notes":null,
                "guid":"29227-3022508@events.umich.edu",
        "permalink":"http:\/\/events.umich.edu\/event\/29227",
        "building_id":"1000151",
        "building_name":"Museum of Art",
        "campus_maps_id":"11",
        "room":"Stern Auditorium",
        "location_name":"Museum of Art",
        "has_livestream":0,
        "cost":"$10 - General Admission,\r\n$7 - Students & Seniors",
        "tags":["Film","Jewish Studies"],
        "website":"",
        "sponsors":[
             {
                "group_name":"Judaic Studies",
                "group_id":"1059",
                "website":""                }                    ],
        "image_url":"https:\/\/events.umich.edu\/media\/attachments\/2016\/02\/event_29227_original.jpeg",
        "styled_images":{
                                        "event_thumb":"https:\/\/events.umich.edu\/media\/cache\/resolve\/event_thumb\/media\/attachments\/2016\/02\/event_29227_original.jpeg",
                                            "event_large":"https:\/\/events.umich.edu\/media\/cache\/event_large\/media\/attachments\/2016\/02\/event_29227_original.jpeg",
                                            "event_large_2x":"https:\/\/events.umich.edu\/media\/cache\/event_large_2x\/media\/attachments\/2016\/02\/event_29227_original.jpeg",
                                            "event_large_lightbox":"https:\/\/events.umich.edu\/media\/cache\/event_large_lightbox\/media\/attachments\/2016\/02\/event_29227_original.jpeg",
                                            "group_thumb":"https:\/\/events.umich.edu\/media\/cache\/resolve\/group_thumb\/media\/attachments\/2016\/02\/event_29227_original.jpeg",
                                            "group_thumb_square":"https:\/\/events.umich.edu\/media\/cache\/resolve\/group_thumb_square\/media\/attachments\/2016\/02\/event_29227_original.jpeg",
                                            "group_large":"https:\/\/events.umich.edu\/media\/cache\/resolve\/group_large\/media\/attachments\/2016\/02\/event_29227_original.jpeg",
                                            "group_large_lightbox":"https:\/\/events.umich.edu\/media\/cache\/group_large_lightbox\/media\/attachments\/2016\/02\/event_29227_original.jpeg",
                                            "event_large_crop":"https:\/\/events.umich.edu\/media\/cache\/resolve\/event_large_crop\/media\/attachments\/2016\/02\/event_29227_original.jpeg",
                                            "event_list":"https:\/\/events.umich.edu\/media\/cache\/event_list\/media\/attachments\/2016\/02\/event_29227_original.jpeg",
                                            "event_list_2x":"https:\/\/events.umich.edu\/media\/cache\/event_list_2x\/media\/attachments\/2016\/02\/event_29227_original.jpeg",
                                            "event_grid":"https:\/\/events.umich.edu\/media\/cache\/event_grid\/media\/attachments\/2016\/02\/event_29227_original.jpeg",
                                            "event_grid_2x":"https:\/\/events.umich.edu\/media\/cache\/event_grid_2x\/media\/attachments\/2016\/02\/event_29227_original.jpeg",
                                            "event_feature_large":"https:\/\/events.umich.edu\/media\/cache\/event_feature_large\/media\/attachments\/2016\/02\/event_29227_original.jpeg",
                                            "event_feature_thumb":"https:\/\/events.umich.edu\/media\/cache\/resolve\/event_feature_thumb\/media\/attachments\/2016\/02\/event_29227_original.jpeg"                    },
        "occurrence_count":4,
        "first_occurrence":3022508
    }    ,    "29534-3131866":
    {
        "datetime_modified":"20160330T123012",
        "datetime_start":"20160315T180000",
        "datetime_end":"20160315T193000",
        "has_end_time":1,
        "date_start":"2016-03-15",
        "date_end":"2016-03-15",
        "time_start":"18:00:00",
        "time_end":"19:30:00",
        "time_zone":"America\/Detroit",
        "event_title":"Hail & Hello: Networking Workshop and Event for Graduate Students",
        "occurrence_title":"",
        "combined_title":"Hail & Hello: Networking Workshop and Event for Graduate Students",
        "event_subtitle":"",
        "event_type":"Careers \/ Jobs",
        "event_type_id":"2",
        "description":"Regardless of the career path (academia or industry) you're pursuing you won't want to miss this opportunity to practice networking and learn more about developing professional relationships to achieve future success in any job search or professional networking opportunity. \n\nYou will start by learning more about the art of networking and strategies for developing professional connections. Then practice these skills in a reception setting with alumni, staff and faculty.\n\nEnjoy having appetizers, beer, and wine while building your network. This event is free and open to all U-M Graduate students.\n\nEvent Information:\nRegistration is FIRST COME, FIRST SERVED, with priority registration ending on Friday, March 11th. \n\nTuesday, March 15, 2016\n6 - 7:30 p.m.\nFounders Room in the Alumni Center (located next to the Michigan League)\n\nFirst Session (all attendees): A Guide to Networking\n\nSecond Session (all attendees): Practice your networking skills in a real life setting ",
        "occurrence_notes":null,
                "guid":"29534-3131866@events.umich.edu",
        "permalink":"http:\/\/events.umich.edu\/event\/29534",
        "building_id":"",
        "building_name":"",
        "campus_maps_id":"",
        "room":"",
        "location_name":"University of Michigan - Alumni Center (Founders Room)",
        "has_livestream":0,
        "cost":"",
        "tags":[],
        "website":"",
        "sponsors":[
             {
                "group_name":"University Career Center UCC",
                "group_id":"1140",
                "website":"http:\/\/careercenter.umich.edu"                }                    ],
        "image_url":"",
        "styled_images":{
                                        "event_thumb":"",
                                            "event_large":"",
                                            "event_large_2x":"",
                                            "event_large_lightbox":"",
                                            "group_thumb":"",
                                            "group_thumb_square":"",
                                            "group_large":"",
                                            "group_large_lightbox":"",
                                            "event_large_crop":"",
                                            "event_list":"",
                                            "event_list_2x":"",
                                            "event_grid":"",
                                            "event_grid_2x":"",
                                            "event_feature_large":"",
                                            "event_feature_thumb":""                    },
        "occurrence_count":1,
        "first_occurrence":3131866
    }    ,    "29384-3085045":
    {
        "datetime_modified":"20160306T141417",
        "datetime_start":"20160315T180000",
        "datetime_end":"20160315T193000",
        "has_end_time":1,
        "date_start":"2016-03-15",
        "date_end":"2016-03-15",
        "time_start":"18:00:00",
        "time_end":"19:30:00",
        "time_zone":"America\/Detroit",
        "event_title":"Introduction to iMovie",
        "occurrence_title":"",
        "combined_title":"Introduction to iMovie",
        "event_subtitle":"",
        "event_type":"Workshop \/ Seminar",
        "event_type_id":"21",
        "description":"In this introductory hands-on workshop, you will learn how to edit video with the latest version of iMovie. This workshop will also cover how best to transfer your work between computers. No editing experience is necessary. This workshop is open to everyone. iMovie software only available on MacOS.",
        "occurrence_notes":null,
                "guid":"29384-3085045@events.umich.edu",
        "permalink":"http:\/\/events.umich.edu\/event\/29384",
        "building_id":"1000207",
        "building_name":"Modern Languages Building",
        "campus_maps_id":"111",
        "room":"2001B",
        "location_name":"Modern Languages Building",
        "has_livestream":0,
        "cost":"",
        "tags":["Film","Information and Technology","Media","Visual Arts"],
        "website":"",
        "sponsors":[
             {
                "group_name":"Instructional Support Services",
                "group_id":"3758",
                "website":""                }                    ],
        "image_url":"https:\/\/events.umich.edu\/media\/attachments\/2016\/03\/event_29384_original.png",
        "styled_images":{
                                        "event_thumb":"https:\/\/events.umich.edu\/media\/cache\/resolve\/event_thumb\/media\/attachments\/2016\/03\/event_29384_original.png",
                                            "event_large":"https:\/\/events.umich.edu\/media\/cache\/event_large\/media\/attachments\/2016\/03\/event_29384_original.png",
                                            "event_large_2x":"https:\/\/events.umich.edu\/media\/cache\/event_large_2x\/media\/attachments\/2016\/03\/event_29384_original.png",
                                            "event_large_lightbox":"https:\/\/events.umich.edu\/media\/cache\/event_large_lightbox\/media\/attachments\/2016\/03\/event_29384_original.png",
                                            "group_thumb":"https:\/\/events.umich.edu\/media\/cache\/resolve\/group_thumb\/media\/attachments\/2016\/03\/event_29384_original.png",
                                            "group_thumb_square":"https:\/\/events.umich.edu\/media\/cache\/resolve\/group_thumb_square\/media\/attachments\/2016\/03\/event_29384_original.png",
                                            "group_large":"https:\/\/events.umich.edu\/media\/cache\/resolve\/group_large\/media\/attachments\/2016\/03\/event_29384_original.png",
                                            "group_large_lightbox":"https:\/\/events.umich.edu\/media\/cache\/group_large_lightbox\/media\/attachments\/2016\/03\/event_29384_original.png",
                                            "event_large_crop":"https:\/\/events.umich.edu\/media\/cache\/event_large_crop\/media\/attachments\/2016\/03\/event_29384_original.png",
                                            "event_list":"https:\/\/events.umich.edu\/media\/cache\/event_list\/media\/attachments\/2016\/03\/event_29384_original.png",
                                            "event_list_2x":"https:\/\/events.umich.edu\/media\/cache\/event_list_2x\/media\/attachments\/2016\/03\/event_29384_original.png",
                                            "event_grid":"https:\/\/events.umich.edu\/media\/cache\/event_grid\/media\/attachments\/2016\/03\/event_29384_original.png",
                                            "event_grid_2x":"https:\/\/events.umich.edu\/media\/cache\/event_grid_2x\/media\/attachments\/2016\/03\/event_29384_original.png",
                                            "event_feature_large":"https:\/\/events.umich.edu\/media\/cache\/event_feature_large\/media\/attachments\/2016\/03\/event_29384_original.png",
                                            "event_feature_thumb":"https:\/\/events.umich.edu\/media\/cache\/event_feature_thumb\/media\/attachments\/2016\/03\/event_29384_original.png"                    },
        "occurrence_count":5,
        "first_occurrence":3085045
    }    ,    "27929-2609151":
    {
        "datetime_modified":"20160315T180018",
        "datetime_start":"20160315T180000",
        "datetime_end":"20160315T200000",
        "has_end_time":1,
        "date_start":"2016-03-15",
        "date_end":"2016-03-15",
        "time_start":"18:00:00",
        "time_end":"20:00:00",
        "time_zone":"America\/Detroit",
        "event_title":"Party Meetings",
        "occurrence_title":"",
        "combined_title":"Party Meetings",
        "event_subtitle":"",
        "event_type":"Other",
        "event_type_id":"22",
        "description":"Party of the Right: 6-7pmParty of the Left: 7-8pm",
        "occurrence_notes":null,
                "guid":"27929-2609151@events.umich.edu",
        "permalink":"http:\/\/events.umich.edu\/event\/27929",
        "building_id":"1000120",
        "building_name":"Michigan Union",
        "campus_maps_id":"191",
        "room":"",
        "location_name":"Michigan Union",
        "has_livestream":0,
        "cost":"",
        "tags":[],
        "website":"http:\/\/maizepages.umich.edu\/organization\/mpu\/calendar\/details\/832853",
        "sponsors":[
             {
                "group_name":"Maize Pages Student Organizations",
                "group_id":"2390",
                "website":""                }                    ],
        "image_url":"",
        "styled_images":{
                                        "event_thumb":"",
                                            "event_large":"",
                                            "event_large_2x":"",
                                            "event_large_lightbox":"",
                                            "group_thumb":"",
                                            "group_thumb_square":"",
                                            "group_large":"",
                                            "group_large_lightbox":"",
                                            "event_large_crop":"",
                                            "event_list":"",
                                            "event_list_2x":"",
                                            "event_grid":"",
                                            "event_grid_2x":"",
                                            "event_feature_large":"",
                                            "event_feature_thumb":""                    },
        "occurrence_count":1,
        "first_occurrence":2609151
    }    }
