{
    "138117-21882369":
    {
        "datetime_modified":"20250917T063302",
        "datetime_start":"20250902T100000",
        "datetime_end":"20250902T130000",
        "has_end_time":1,
        "date_start":"2025-09-02",
        "date_end":"2025-09-02",
        "time_start":"10:00:00",
        "time_end":"13:00:00",
        "time_zone":"America\/Detroit",
        "event_title":"Walmart Economics Coffee Chats",
        "occurrence_title":"",
        "combined_title":"Walmart Economics Coffee Chats",
        "event_subtitle":"",
        "event_type":"Careers \/ Jobs",
        "event_type_id":"2",
        "description":"** PLEASE SIGN UP AT THIS LINK: https:\/\/calendly.com\/walmart-econ\/michigan-coffee-chats-2025. SIGN-UPS IN HANDSHAKE WILL NOT BE COUNTED.**\u00a0The Walmart Economics team is hiring juniors for Summer 2026 internships! Our team performs a mix of data science and economicsresearch, leveraging Walmart\u2019s data to inform business strategy and expand the academic literature.\u00a0Coffee chats will be held at the Ross School of Business (701 Tappan Ave, Ann Arbor, MI 48109) on Tuesday, September 2nd between 10:00am and 1:00pm. Sign up for a 15-minute slot to chat 1:1 with a member of our team at this link: https:\/\/calendly.com\/walmart-econ\/michigan-coffee-chats-2025. Come say hi and learn about the team, internship, and a potential future at Walmart. Feel free to bring your resume\/transcript.\u00a0",
        "occurrence_notes":null,
                "guid":"138117-21882369@events.umich.edu",
        "permalink":"http:\/\/events.umich.edu\/event\/138117",
        "building_id":"",
        "building_name":"",
        "campus_maps_id":"",
        "room":"",
        "location_name":"",
        "has_livestream":0,
        "cost":"",
        "tags":[],
        "website":"",
        "sponsors":[
             {
                "group_name":"University Career Center UCC",
                "group_id":"1140",
                "website":"http:\/\/careercenter.umich.edu"                }                    ],
        "image_url":"",
        "styled_images":{
                                        "event_thumb":"",
                                            "event_large":"",
                                            "event_large_2x":"",
                                            "event_large_lightbox":"",
                                            "group_thumb":"",
                                            "group_thumb_square":"",
                                            "group_large":"",
                                            "group_large_lightbox":"",
                                            "event_large_crop":"",
                                            "event_list":"",
                                            "event_list_2x":"",
                                            "event_grid":"",
                                            "event_grid_2x":"",
                                            "event_feature_large":"",
                                            "event_feature_thumb":""                    },
        "occurrence_count":1,
        "first_occurrence":21882369
    }    ,    "138102-21881970":
    {
        "datetime_modified":"20250825T174122",
        "datetime_start":"20250902T113000",
        "datetime_end":"20250902T125000",
        "has_end_time":1,
        "date_start":"2025-09-02",
        "date_end":"2025-09-02",
        "time_start":"11:30:00",
        "time_end":"12:50:00",
        "time_zone":"America\/Detroit",
        "event_title":"Temperature Extremes Cause Deforestation: The Borlaug Hypothesis Meets Global Climate Change (joint with Allan Hsiao, Benjamin Olken, and Jacob Moscona)",
        "occurrence_title":"",
        "combined_title":"Temperature Extremes Cause Deforestation: The Borlaug Hypothesis Meets Global Climate Change (joint with Allan Hsiao, Benjamin Olken, and Jacob Moscona): Karthik Sastry, Princeton University",
        "event_subtitle":"Karthik Sastry, Princeton University",
        "event_type":"Workshop \/ Seminar",
        "event_type_id":"21",
        "description":"This paper investigates the relationship between rising global extreme heat exposure and deforestation. Combining global data on deforestation and daily temperature realizations at the one-degree grid-cell level from 2001-2019, we show that each additional degree day above 32 \u00b0C increases deforestation at the forest edge by 0.25 percentage points. These effects accumulate over time and are driven by tropical regions. Consistent with heat-induced declines in agricultural productivity as the driving mechanism, we show direct evidence that extreme heat reduces a satellite-based crop productivity measure and find that the effect is larger for the most heat-sensitive crops and the crop-country pairs with the most inelastic demand. We also show that this deforestation is accompanied by cropland expansion using both global satellite data on land use patterns and three rounds of agricultural census data from Brazil. Back-of-the-envelope calculations attribute about 2-3% of global frontier deforestation, and up to 15% in the Amazon and Congo hotspots, to recent temperature extremes. Taken together, our findings support the view that climate-induced productivity losses lead to intensification within regions rather than reallocation across regions.",
        "occurrence_notes":null,
                "guid":"138102-21881970@events.umich.edu",
        "permalink":"http:\/\/events.umich.edu\/event\/138102",
        "building_id":"1000154",
        "building_name":"Lorch Hall",
        "campus_maps_id":"88",
        "room":"201",
        "location_name":"Lorch Hall",
        "has_livestream":0,
        "cost":"",
        "tags":["Economics","Energy","Environment","Macroeconomics","seminar"],
        "website":"http:\/\/www.lsa.umich.edu\/econ",
        "sponsors":[
             {
                "group_name":"Department of Economics",
                "group_id":"3302",
                "website":"http:\/\/www.lsa.umich.edu\/econ"                },             {
                "group_name":"Energy & Environmental Economics",
                "group_id":"3547",
                "website":""                },             {
                "group_name":"Michael Beauregard Seminar in Macroeconomics",
                "group_id":"3552",
                "website":""                },             {
                "group_name":"Department of Economics Seminars",
                "group_id":"3566",
                "website":""                }                    ],
        "image_url":"https:\/\/events.umich.edu\/media\/attachments\/2025\/08\/event_138102_original-1.jpg",
        "styled_images":{
                                        "event_thumb":"https:\/\/events.umich.edu\/media\/cache\/event_thumb\/media\/attachments\/2025\/08\/event_138102_original-1.jpg",
                                            "event_large":"https:\/\/events.umich.edu\/media\/cache\/event_large\/media\/attachments\/2025\/08\/event_138102_original-1.jpg",
                                            "event_large_2x":"https:\/\/events.umich.edu\/media\/cache\/event_large_2x\/media\/attachments\/2025\/08\/event_138102_original-1.jpg",
                                            "event_large_lightbox":"https:\/\/events.umich.edu\/media\/cache\/event_large_lightbox\/media\/attachments\/2025\/08\/event_138102_original-1.jpg",
                                            "group_thumb":"https:\/\/events.umich.edu\/media\/cache\/group_thumb\/media\/attachments\/2025\/08\/event_138102_original-1.jpg",
                                            "group_thumb_square":"https:\/\/events.umich.edu\/media\/cache\/group_thumb_square\/media\/attachments\/2025\/08\/event_138102_original-1.jpg",
                                            "group_large":"https:\/\/events.umich.edu\/media\/cache\/group_large\/media\/attachments\/2025\/08\/event_138102_original-1.jpg",
                                            "group_large_lightbox":"https:\/\/events.umich.edu\/media\/cache\/group_large_lightbox\/media\/attachments\/2025\/08\/event_138102_original-1.jpg",
                                            "event_large_crop":"https:\/\/events.umich.edu\/media\/cache\/event_large_crop\/media\/attachments\/2025\/08\/event_138102_original-1.jpg",
                                            "event_list":"https:\/\/events.umich.edu\/media\/cache\/event_list\/media\/attachments\/2025\/08\/event_138102_original-1.jpg",
                                            "event_list_2x":"https:\/\/events.umich.edu\/media\/cache\/event_list_2x\/media\/attachments\/2025\/08\/event_138102_original-1.jpg",
                                            "event_grid":"https:\/\/events.umich.edu\/media\/cache\/event_grid\/media\/attachments\/2025\/08\/event_138102_original-1.jpg",
                                            "event_grid_2x":"https:\/\/events.umich.edu\/media\/cache\/event_grid_2x\/media\/attachments\/2025\/08\/event_138102_original-1.jpg",
                                            "event_feature_large":"https:\/\/events.umich.edu\/media\/cache\/event_feature_large\/media\/attachments\/2025\/08\/event_138102_original-1.jpg",
                                            "event_feature_thumb":"https:\/\/events.umich.edu\/media\/cache\/event_feature_thumb\/media\/attachments\/2025\/08\/event_138102_original-1.jpg"                    },
        "occurrence_count":1,
        "first_occurrence":21881970
    }    ,    "135319-21882382":
    {
        "datetime_modified":"20250917T063401",
        "datetime_start":"20250902T120000",
        "datetime_end":"20250902T160000",
        "has_end_time":1,
        "date_start":"2025-09-02",
        "date_end":"2025-09-02",
        "time_start":"12:00:00",
        "time_end":"16:00:00",
        "time_zone":"America\/Detroit",
        "event_title":"2025 Consulting & Finance Career Fair - Consulting & Finance Career Fair",
        "occurrence_title":"",
        "combined_title":"2025 Consulting & Finance Career Fair - Consulting & Finance Career Fair",
        "event_subtitle":"",
        "event_type":"Careers \/ Jobs",
        "event_type_id":"2",
        "description":"Consulting & Finance Fair\n\ud83d\udcc5 Tuesday, September 2, 12:00\u20134:00 PM\n\ud83d\udccd Michigan Union, 2nd Floor\n\ud83d\udc49 Registration is on-sitethe day of the fair.This event is open to U-M Ann Arbor students only. \n\nWhy Attend\n\n\nMeet 50+ employers hiring for consulting and finance jobs and internships.\n\n\nExplore career paths, company culture, and recruiting practices.\n\n\nLearn about organizations\u2019 opportunities and meet alumni. \n\n\nBuild connections and leave with a plan for your next steps.\n\n\n\ud83d\udca1 Note: The fair is a first step. You won\u2019t leave with an offer, but you will leave with key insights and a roadmap for applying.\n\nWhat to Expect\n\n\nRecruiters will collect resumes, answer questions, and direct you to their application process.\n\n\nSome employers will return for on-campus or virtual interviews (check Handshake for dates).\n\n\nMany won\u2019t return to campus\u2014so ask about next steps and how to stay connected.\n\n\n\nWhat to Bring\n\n\n\ud83d\udcc4 Copies of your resume (bring extras forunplanned conversations).\n\n\n\ud83c\udd94 Your MCard (required for entry).\n\n\n\ud83d\udcc1 Folder for resumes and employer materials.\n\ud83d\udeab No cover letters needed.\n\ud83d\udeab Please leave backpacks at home if possible (limited space).\n\n\n\nWhat to Wear\nBusiness professional or business casual: suit, slacks\/shirt, skirt\/blouse, dress.\nNeed help? Visit the UCC Clothes Closet.\n\nAccommodations\nWe want to ensure full and equitable participation. If an accommodation would support your participation, please let us know (at least 14 days before the event) or contact Alexis Schmidt at anschmi@umich.edu as soon as possible.\n\nQuestions?\nEmail us \u2014 we\u2019re happy to chat with you! careercenter@umich.edu\n\nNote\nExternal organizations at thisfair are not programs\/activities of the University. Their inclusion does not indicate University sponsorship or endorsement.Thank you to our generous corporate sponsor, EY!\ufeffThank you to our student organization sponsors!\ufeff",
        "occurrence_notes":null,
                "guid":"135319-21882382@events.umich.edu",
        "permalink":"http:\/\/events.umich.edu\/event\/135319",
        "building_id":"",
        "building_name":"",
        "campus_maps_id":"",
        "room":"",
        "location_name":"530 South State Street, Ann Arbor, Michigan 48109, United States",
        "has_livestream":0,
        "cost":"",
        "tags":[],
        "website":"",
        "sponsors":[
             {
                "group_name":"University Career Center UCC",
                "group_id":"1140",
                "website":"http:\/\/careercenter.umich.edu"                }                    ],
        "image_url":"",
        "styled_images":{
                                        "event_thumb":"",
                                            "event_large":"",
                                            "event_large_2x":"",
                                            "event_large_lightbox":"",
                                            "group_thumb":"",
                                            "group_thumb_square":"",
                                            "group_large":"",
                                            "group_large_lightbox":"",
                                            "event_large_crop":"",
                                            "event_list":"",
                                            "event_list_2x":"",
                                            "event_grid":"",
                                            "event_grid_2x":"",
                                            "event_feature_large":"",
                                            "event_feature_thumb":""                    },
        "occurrence_count":1,
        "first_occurrence":21882382
    }    ,    "134875-21875642":
    {
        "datetime_modified":"20250421T113230",
        "datetime_start":"20250902T120000",
        "datetime_end":"20250902T160000",
        "has_end_time":1,
        "date_start":"2025-09-02",
        "date_end":"2025-09-02",
        "time_start":"12:00:00",
        "time_end":"16:00:00",
        "time_zone":"America\/Detroit",
        "event_title":"Bloody Work: Lexington and Concord 1775",
        "occurrence_title":"",
        "combined_title":"Bloody Work: Lexington and Concord 1775",
        "event_subtitle":"",
        "event_type":"Exhibition",
        "event_type_id":"7",
        "description":"The William L. Clements Library is pleased to announce a forthcoming exhibition in recognition of the 250th Anniversary of the military hostilities that began the American Revolutionary War. The Battles of Lexington and Concord are firmly established in American memory as the culmination of a range of governmental, political, economic, and social tensions that amplified in the decade leading up to 1775. In this exhibit, visitors will have the opportunity to see original historical manuscript letters, documents, newspapers, and artwork that reveal aspects of the bloody work of Empire and individual alike in April 1775.\r\n\r\nAmong the items on display will be Commander in Chief of the British Army, General Thomas Gage's draft orders for the Concord Expedition, April 18, 1775; a bundle of letters collected by former Sons of Liberty supporter Dr. Benjamin Church, which he secretly turned over to British Army intelligence; letters by Silas Deane, John Hancock, and Rachel Revere; and much more.\r\n\r\nOpen weekdays from 12-4 pm.",
        "occurrence_notes":null,
                "guid":"134875-21875642@events.umich.edu",
        "permalink":"http:\/\/events.umich.edu\/event\/134875",
        "building_id":"1000159",
        "building_name":"William Clements Library",
        "campus_maps_id":"165",
        "room":"",
        "location_name":"William Clements Library",
        "has_livestream":0,
        "cost":"",
        "tags":["american culture","american history","Americana","Ann Arbor","Exhibit","Exhibition","Free","history","libraries","Library"],
        "website":"",
        "sponsors":[
             {
                "group_name":"William L. Clements Library",
                "group_id":"1727",
                "website":""                }                    ],
        "image_url":"https:\/\/events.umich.edu\/media\/attachments\/2025\/04\/event_134875_original-1.png",
        "styled_images":{
                                        "event_thumb":"https:\/\/events.umich.edu\/media\/cache\/event_thumb\/media\/attachments\/2025\/04\/event_134875_original-1.png",
                                            "event_large":"https:\/\/events.umich.edu\/media\/cache\/event_large\/media\/attachments\/2025\/04\/event_134875_original-1.png",
                                            "event_large_2x":"https:\/\/events.umich.edu\/media\/cache\/event_large_2x\/media\/attachments\/2025\/04\/event_134875_original-1.png",
                                            "event_large_lightbox":"https:\/\/events.umich.edu\/media\/cache\/event_large_lightbox\/media\/attachments\/2025\/04\/event_134875_original-1.png",
                                            "group_thumb":"https:\/\/events.umich.edu\/media\/cache\/group_thumb\/media\/attachments\/2025\/04\/event_134875_original-1.png",
                                            "group_thumb_square":"https:\/\/events.umich.edu\/media\/cache\/group_thumb_square\/media\/attachments\/2025\/04\/event_134875_original-1.png",
                                            "group_large":"https:\/\/events.umich.edu\/media\/cache\/group_large\/media\/attachments\/2025\/04\/event_134875_original-1.png",
                                            "group_large_lightbox":"https:\/\/events.umich.edu\/media\/cache\/group_large_lightbox\/media\/attachments\/2025\/04\/event_134875_original-1.png",
                                            "event_large_crop":"https:\/\/events.umich.edu\/media\/cache\/event_large_crop\/media\/attachments\/2025\/04\/event_134875_original-1.png",
                                            "event_list":"https:\/\/events.umich.edu\/media\/cache\/event_list\/media\/attachments\/2025\/04\/event_134875_original-1.png",
                                            "event_list_2x":"https:\/\/events.umich.edu\/media\/cache\/event_list_2x\/media\/attachments\/2025\/04\/event_134875_original-1.png",
                                            "event_grid":"https:\/\/events.umich.edu\/media\/cache\/event_grid\/media\/attachments\/2025\/04\/event_134875_original-1.png",
                                            "event_grid_2x":"https:\/\/events.umich.edu\/media\/cache\/event_grid_2x\/media\/attachments\/2025\/04\/event_134875_original-1.png",
                                            "event_feature_large":"https:\/\/events.umich.edu\/media\/cache\/event_feature_large\/media\/attachments\/2025\/04\/event_134875_original-1.png",
                                            "event_feature_thumb":"https:\/\/events.umich.edu\/media\/cache\/event_feature_thumb\/media\/attachments\/2025\/04\/event_134875_original-1.png"                    },
        "occurrence_count":117,
        "first_occurrence":21875497
    }    ,    "138099-21881962":
    {
        "datetime_modified":"20250902T112045",
        "datetime_start":"20250902T120000",
        "datetime_end":"20250902T160000",
        "has_end_time":1,
        "date_start":"2025-09-02",
        "date_end":"2025-09-02",
        "time_start":"12:00:00",
        "time_end":"16:00:00",
        "time_zone":"America\/Detroit",
        "event_title":"CommuniTEA\/TMC Town Hall",
        "occurrence_title":"",
        "combined_title":"CommuniTEA\/TMC Town Hall: CommuniTEA TMC Town Hall",
        "event_subtitle":"CommuniTEA TMC Town Hall",
        "event_type":"Workshop \/ Seminar",
        "event_type_id":"21",
        "description":"Weekly gathering for students, staff, and faculty to build community with the Trotter Team and discuss the week\u2019s events. Organizations and units are encouraged to collaborate and offer light refreshments or share tea practices that center their cultural practices. Come join us for good conversation, food and fun!",
        "occurrence_notes":null,
                "guid":"138099-21881962@events.umich.edu",
        "permalink":"http:\/\/events.umich.edu\/event\/138099",
        "building_id":"",
        "building_name":"",
        "campus_maps_id":"",
        "room":"",
        "location_name":"",
        "has_livestream":0,
        "cost":"",
        "tags":["Sessions"],
        "website":"https:\/\/sessions.studentlife.umich.edu\/p\/track\/14969",
        "sponsors":[
             {
                "group_name":"Sessions @ Michigan",
                "group_id":"4791",
                "website":"https:\/\/sessions.studentlife.umich.edu\/"                }                    ],
        "image_url":"",
        "styled_images":{
                                        "event_thumb":"",
                                            "event_large":"",
                                            "event_large_2x":"",
                                            "event_large_lightbox":"",
                                            "group_thumb":"",
                                            "group_thumb_square":"",
                                            "group_large":"",
                                            "group_large_lightbox":"",
                                            "event_large_crop":"",
                                            "event_list":"",
                                            "event_list_2x":"",
                                            "event_grid":"",
                                            "event_grid_2x":"",
                                            "event_feature_large":"",
                                            "event_feature_thumb":""                    },
        "occurrence_count":1,
        "first_occurrence":21881962
    }    ,    "138156-21882412":
    {
        "datetime_modified":"20250827T095512",
        "datetime_start":"20250902T120000",
        "datetime_end":"20250902T130000",
        "has_end_time":1,
        "date_start":"2025-09-02",
        "date_end":"2025-09-02",
        "time_start":"12:00:00",
        "time_end":"13:00:00",
        "time_zone":"America\/Detroit",
        "event_title":"EEB Tuesday Seminar Series - Hetero-chaos in a Community of Ants in Puerto Rico",
        "occurrence_title":"",
        "combined_title":"EEB Tuesday Seminar Series - Hetero-chaos in a Community of Ants in Puerto Rico: John Vandermeer, Asa Gray Distinguished University Professor of EEB, Arthur F. Thurnau Professor",
        "event_subtitle":"John Vandermeer, Asa Gray Distinguished University Professor of EEB, Arthur F. Thurnau Professor",
        "event_type":"Workshop \/ Seminar",
        "event_type_id":"21",
        "description":"Summary: In Puerto Rico, on a coffee farm, an intransitive triplet of ant species is modified by a specialist predator on one of them to form a chaotic trajectory that is arguably a heterochaotic pattern. The heterochaos is explained by the underlying biology of the system.",
        "occurrence_notes":null,
                "guid":"138156-21882412@events.umich.edu",
        "permalink":"http:\/\/events.umich.edu\/event\/138156",
        "building_id":"1005169",
        "building_name":"Biological Sciences Building",
        "campus_maps_id":"631",
        "room":"1010",
        "location_name":"Biological Sciences Building",
        "has_livestream":0,
        "cost":"",
        "tags":["biodiversity","biological science","Biology","Bsbsigns","department of ecology and evolutionary biology","ecology","Ecology & Biology","Ecology And Evolutionary Biology","eeb"],
        "website":"",
        "sponsors":[
             {
                "group_name":"Ecology and Evolutionary Biology",
                "group_id":"1190",
                "website":""                },             {
                "group_name":"EEB Tuesday Lunch Seminars",
                "group_id":"3823",
                "website":""                }                    ],
        "image_url":"https:\/\/events.umich.edu\/media\/attachments\/2025\/08\/event_138156_original-1.jpg",
        "styled_images":{
                                        "event_thumb":"https:\/\/events.umich.edu\/media\/cache\/event_thumb\/media\/attachments\/2025\/08\/event_138156_original-1.jpg",
                                            "event_large":"https:\/\/events.umich.edu\/media\/cache\/event_large\/media\/attachments\/2025\/08\/event_138156_original-1.jpg",
                                            "event_large_2x":"https:\/\/events.umich.edu\/media\/cache\/event_large_2x\/media\/attachments\/2025\/08\/event_138156_original-1.jpg",
                                            "event_large_lightbox":"https:\/\/events.umich.edu\/media\/cache\/event_large_lightbox\/media\/attachments\/2025\/08\/event_138156_original-1.jpg",
                                            "group_thumb":"https:\/\/events.umich.edu\/media\/cache\/group_thumb\/media\/attachments\/2025\/08\/event_138156_original-1.jpg",
                                            "group_thumb_square":"https:\/\/events.umich.edu\/media\/cache\/group_thumb_square\/media\/attachments\/2025\/08\/event_138156_original-1.jpg",
                                            "group_large":"https:\/\/events.umich.edu\/media\/cache\/group_large\/media\/attachments\/2025\/08\/event_138156_original-1.jpg",
                                            "group_large_lightbox":"https:\/\/events.umich.edu\/media\/cache\/group_large_lightbox\/media\/attachments\/2025\/08\/event_138156_original-1.jpg",
                                            "event_large_crop":"https:\/\/events.umich.edu\/media\/cache\/event_large_crop\/media\/attachments\/2025\/08\/event_138156_original-1.jpg",
                                            "event_list":"https:\/\/events.umich.edu\/media\/cache\/event_list\/media\/attachments\/2025\/08\/event_138156_original-1.jpg",
                                            "event_list_2x":"https:\/\/events.umich.edu\/media\/cache\/event_list_2x\/media\/attachments\/2025\/08\/event_138156_original-1.jpg",
                                            "event_grid":"https:\/\/events.umich.edu\/media\/cache\/event_grid\/media\/attachments\/2025\/08\/event_138156_original-1.jpg",
                                            "event_grid_2x":"https:\/\/events.umich.edu\/media\/cache\/event_grid_2x\/media\/attachments\/2025\/08\/event_138156_original-1.jpg",
                                            "event_feature_large":"https:\/\/events.umich.edu\/media\/cache\/event_feature_large\/media\/attachments\/2025\/08\/event_138156_original-1.jpg",
                                            "event_feature_thumb":"https:\/\/events.umich.edu\/media\/cache\/event_feature_thumb\/media\/attachments\/2025\/08\/event_138156_original-1.jpg"                    },
        "occurrence_count":1,
        "first_occurrence":21882412
    }    ,    "136989-21882132":
    {
        "datetime_modified":"20250917T063215",
        "datetime_start":"20250902T120000",
        "datetime_end":"20250902T130000",
        "has_end_time":1,
        "date_start":"2025-09-02",
        "date_end":"2025-09-02",
        "time_start":"12:00:00",
        "time_end":"13:00:00",
        "time_zone":"America\/Detroit",
        "event_title":"Get to Know the Disney College Program",
        "occurrence_title":"",
        "combined_title":"Get to Know the Disney College Program",
        "event_subtitle":"",
        "event_type":"Careers \/ Jobs",
        "event_type_id":"2",
        "description":"Come join Recruiters with Disney Programs Recruitment Team, for a virtual engagement session where they will help you learn more about the Disney College Program and discuss the living, learning and earning components offered.\u00a0This 45-minute session aims to inform you about the Disney College Program and get you excited to learn more about this opportunity of a lifetime!",
        "occurrence_notes":null,
                "guid":"136989-21882132@events.umich.edu",
        "permalink":"http:\/\/events.umich.edu\/event\/136989",
        "building_id":"",
        "building_name":"",
        "campus_maps_id":"",
        "room":"",
        "location_name":"",
        "has_livestream":0,
        "cost":"",
        "tags":[],
        "website":"",
        "sponsors":[
             {
                "group_name":"University Career Center UCC",
                "group_id":"1140",
                "website":"http:\/\/careercenter.umich.edu"                }                    ],
        "image_url":"",
        "styled_images":{
                                        "event_thumb":"",
                                            "event_large":"",
                                            "event_large_2x":"",
                                            "event_large_lightbox":"",
                                            "group_thumb":"",
                                            "group_thumb_square":"",
                                            "group_large":"",
                                            "group_large_lightbox":"",
                                            "event_large_crop":"",
                                            "event_list":"",
                                            "event_list_2x":"",
                                            "event_grid":"",
                                            "event_grid_2x":"",
                                            "event_feature_large":"",
                                            "event_feature_thumb":""                    },
        "occurrence_count":1,
        "first_occurrence":21882132
    }    ,    "136611-21878919":
    {
        "datetime_modified":"20250723T145631",
        "datetime_start":"20250902T120000",
        "datetime_end":"20250902T130000",
        "has_end_time":1,
        "date_start":"2025-09-02",
        "date_end":"2025-09-02",
        "time_start":"12:00:00",
        "time_end":"13:00:00",
        "time_zone":"America\/Detroit",
        "event_title":"International Studies Virtual Information Session and Q&A",
        "occurrence_title":"",
        "combined_title":"International Studies Virtual Information Session and Q&A: Danielle Schmidt, Program in International and Comparative Studies Program Coordinator",
        "event_subtitle":"Danielle Schmidt, Program in International and Comparative Studies Program Coordinator",
        "event_type":"Presentation",
        "event_type_id":"16",
        "description":"Please note: This information session will be held virtually ET through Zoom. This webinar is free and open to the public, but registration is required. Once you've registered the joining information will be sent to your email.\r\n   \r\n   Register at: https:\/\/myumi.ch\/61668\r\n   \r\n   Students considering a major or minor in International Studies are strongly encouraged to attend an International Studies Information Session and Q&A. The International Studies program coordinator will discuss:\r\n   \r\n   \u2022 Prerequisites\r\n   \u2022 Major and minor requirements\r\n   \u2022 Sub-plans\r\n   \u2022 How to declare\r\n   \u2022 Additional majors and minors offered at the International Institute\r\n   \u2022 Study abroad, grants, and internships\r\n   \u2022 Relevance of an International Studies major or minor\r\n   \r\n   Undeclared students should plan to attend an International Studies Information Session and Q&A. A half-hour presentation will be followed by questions and discussion. For dates of all upcoming sessions, please review the PICS event calendar. If you have questions, please email is-michigan@umich.edu.\r\n   \r\n   Parents and prospective students are welcome. For more information, please email is-michigan@umich.edu. Prospective students who would like to receive correspondence about International Studies related orientations, events, and special announcements should sign up for the International Studies Prospective Student email list: https:\/\/myumi.ch\/29DWZ\r\n\r\nIf there is anything we can do to make this event accessible to you, please contact us at is-michigan@umich.edu. Please be aware that advance notice is necessary as some accommodations may require more time for the university to arrange.",
        "occurrence_notes":null,
                "guid":"136611-21878919@events.umich.edu",
        "permalink":"http:\/\/events.umich.edu\/event\/136611",
        "building_id":"null",
        "building_name":"Off Campus Location",
        "campus_maps_id":"1",
        "room":"",
        "location_name":"Virtual",
        "has_livestream":1,
        "livestream_type":"other",
        "livetream_require_login":0,
        "livestream_id":"",        
        "livestream_link":"",        
        "cost":"",
        "tags":["international","Undergraduate Students"],
        "website":"",
        "sponsors":[
             {
                "group_name":"Program in International and Comparative Studies",
                "group_id":"3236",
                "website":"http:\/\/www.ii.umich.edu\/pics"                },             {
                "group_name":"International Institute",
                "group_id":"1968",
                "website":"http:\/\/www.ii.umich.edu"                }                    ],
        "image_url":"https:\/\/events.umich.edu\/media\/attachments\/2025\/07\/event_136611_original-1.png",
        "styled_images":{
                                        "event_thumb":"https:\/\/events.umich.edu\/media\/cache\/event_thumb\/media\/attachments\/2025\/07\/event_136611_original-1.png",
                                            "event_large":"https:\/\/events.umich.edu\/media\/cache\/event_large\/media\/attachments\/2025\/07\/event_136611_original-1.png",
                                            "event_large_2x":"https:\/\/events.umich.edu\/media\/cache\/event_large_2x\/media\/attachments\/2025\/07\/event_136611_original-1.png",
                                            "event_large_lightbox":"https:\/\/events.umich.edu\/media\/cache\/event_large_lightbox\/media\/attachments\/2025\/07\/event_136611_original-1.png",
                                            "group_thumb":"https:\/\/events.umich.edu\/media\/cache\/group_thumb\/media\/attachments\/2025\/07\/event_136611_original-1.png",
                                            "group_thumb_square":"https:\/\/events.umich.edu\/media\/cache\/group_thumb_square\/media\/attachments\/2025\/07\/event_136611_original-1.png",
                                            "group_large":"https:\/\/events.umich.edu\/media\/cache\/group_large\/media\/attachments\/2025\/07\/event_136611_original-1.png",
                                            "group_large_lightbox":"https:\/\/events.umich.edu\/media\/cache\/group_large_lightbox\/media\/attachments\/2025\/07\/event_136611_original-1.png",
                                            "event_large_crop":"https:\/\/events.umich.edu\/media\/cache\/event_large_crop\/media\/attachments\/2025\/07\/event_136611_original-1.png",
                                            "event_list":"https:\/\/events.umich.edu\/media\/cache\/event_list\/media\/attachments\/2025\/07\/event_136611_original-1.png",
                                            "event_list_2x":"https:\/\/events.umich.edu\/media\/cache\/event_list_2x\/media\/attachments\/2025\/07\/event_136611_original-1.png",
                                            "event_grid":"https:\/\/events.umich.edu\/media\/cache\/event_grid\/media\/attachments\/2025\/07\/event_136611_original-1.png",
                                            "event_grid_2x":"https:\/\/events.umich.edu\/media\/cache\/event_grid_2x\/media\/attachments\/2025\/07\/event_136611_original-1.png",
                                            "event_feature_large":"https:\/\/events.umich.edu\/media\/cache\/event_feature_large\/media\/attachments\/2025\/07\/event_136611_original-1.png",
                                            "event_feature_thumb":"https:\/\/events.umich.edu\/media\/cache\/event_feature_thumb\/media\/attachments\/2025\/07\/event_136611_original-1.png"                    },
        "occurrence_count":1,
        "first_occurrence":21878919
    }    ,    "137921-21882293":
    {
        "datetime_modified":"20250917T123250",
        "datetime_start":"20250902T120000",
        "datetime_end":"20250902T130000",
        "has_end_time":1,
        "date_start":"2025-09-02",
        "date_end":"2025-09-02",
        "time_start":"12:00:00",
        "time_end":"13:00:00",
        "time_zone":"America\/Detroit",
        "event_title":"Resume Tips with Anduril",
        "occurrence_title":"",
        "combined_title":"Resume Tips with Anduril",
        "event_subtitle":"",
        "event_type":"Careers \/ Jobs",
        "event_type_id":"2",
        "description":"About the eventWe're kick off the recruiting season with practical advice to help your resume stand out. You'll also get a chance to learn about our open roles and gain insight into our recruiting process. Don't this opportunity to set yourself up for success!\u00a0About UsAnduril Industries is a defense technology company with a mission to transform U.S. and allied military capabilities with advanced technology. By bringing the expertise, technology, and business model of the 21st century\u2019s most innovative companiesto the defense industry, Anduril is changing how military systems are designed, built and sold. Anduril\u2019s family of systems is powered by Lattice OS, an AI-powered operating system that turns thousands of data streams into a realtime, 3D command and control center. As the world enters an era of strategic competition, Anduril is committed to bringing cutting-edge autonomy, AI, computer vision, sensor fusion, and networking technology to the military in months, not years.Due to our roles having access to export-controlled items, Anduril is generally only able to consider applicants who meet the definition of a \u201cU.S. person.\u201dThismeans that the individual must be a U.S. citizen or national, a lawful permanent resident, a refugee, or an asylee. If you are interested in an intern position and believe that you meet the minimum qualifications of the role, we invite you to register to attend our event.",
        "occurrence_notes":null,
                "guid":"137921-21882293@events.umich.edu",
        "permalink":"http:\/\/events.umich.edu\/event\/137921",
        "building_id":"",
        "building_name":"",
        "campus_maps_id":"",
        "room":"",
        "location_name":"",
        "has_livestream":0,
        "cost":"",
        "tags":[],
        "website":"",
        "sponsors":[
             {
                "group_name":"University Career Center UCC",
                "group_id":"1140",
                "website":"http:\/\/careercenter.umich.edu"                }                    ],
        "image_url":"",
        "styled_images":{
                                        "event_thumb":"",
                                            "event_large":"",
                                            "event_large_2x":"",
                                            "event_large_lightbox":"",
                                            "group_thumb":"",
                                            "group_thumb_square":"",
                                            "group_large":"",
                                            "group_large_lightbox":"",
                                            "event_large_crop":"",
                                            "event_list":"",
                                            "event_list_2x":"",
                                            "event_grid":"",
                                            "event_grid_2x":"",
                                            "event_feature_large":"",
                                            "event_feature_thumb":""                    },
        "occurrence_count":1,
        "first_occurrence":21882293
    }    ,    "138341-21882791":
    {
        "datetime_modified":"20250828T121656",
        "datetime_start":"20250902T120000",
        "datetime_end":"20250902T123000",
        "has_end_time":1,
        "date_start":"2025-09-02",
        "date_end":"2025-09-02",
        "time_start":"12:00:00",
        "time_end":"12:30:00",
        "time_zone":"America\/Detroit",
        "event_title":"Tiffany Ng, carillon",
        "occurrence_title":"",
        "combined_title":"Tiffany Ng, carillon",
        "event_subtitle":"",
        "event_type":"Performance",
        "event_type_id":"15",
        "description":"University Carillonist Tiffany Ng performs on the Charles Baird Carillon, an instrument of 53 bronze bells located inside the Burton Memorial Tower. The largest bell, which strikes the hour, weighs 12 tons, while the smallest bell, 4\u00bd octaves above, weighs just 15 pounds.\n\nThirty-minute recitals are performed on the Charles Baird Carillon at noon every weekday that classes are in session, followed by visitor Q&A with the carillonist. The bell chamber may be accessed via a combination of elevator and stairs. Take the elevator to the highest floor possible (floor 8), and then climb two flights of stairs (39 steps) to the bell chamber (floor 10). Hearing protection earmuffs are provided for visitors. Be prepared to walk on ice and snow in the bell chamber during winter. Built in 1936, the Charles Baird Carillon is not ADA accessible. Visitors with mobility concerns are invited to visit the Lurie Carillon.",
        "occurrence_notes":null,
                "guid":"138341-21882791@events.umich.edu",
        "permalink":"http:\/\/events.umich.edu\/event\/138341",
        "building_id":"1000155",
        "building_name":"Burton Memorial Tower",
        "campus_maps_id":"25",
        "room":"",
        "location_name":"Burton Memorial Tower",
        "has_livestream":0,
        "cost":"Free - no tickets required",
        "tags":["Faculty","Free","Music"],
        "website":"",
        "sponsors":[
             {
                "group_name":"School of Music, Theatre & Dance (SMTD)",
                "group_id":"155",
                "website":"http:\/\/smtd.umich.edu\/events"                }                    ],
        "image_url":"https:\/\/events.umich.edu\/media\/attachments\/2025\/08\/event_138341_original-1.jpg",
        "styled_images":{
                                        "event_thumb":"https:\/\/events.umich.edu\/media\/cache\/event_thumb\/media\/attachments\/2025\/08\/event_138341_original-1.jpg",
                                            "event_large":"https:\/\/events.umich.edu\/media\/cache\/event_large\/media\/attachments\/2025\/08\/event_138341_original-1.jpg",
                                            "event_large_2x":"https:\/\/events.umich.edu\/media\/cache\/event_large_2x\/media\/attachments\/2025\/08\/event_138341_original-1.jpg",
                                            "event_large_lightbox":"https:\/\/events.umich.edu\/media\/cache\/event_large_lightbox\/media\/attachments\/2025\/08\/event_138341_original-1.jpg",
                                            "group_thumb":"https:\/\/events.umich.edu\/media\/cache\/group_thumb\/media\/attachments\/2025\/08\/event_138341_original-1.jpg",
                                            "group_thumb_square":"https:\/\/events.umich.edu\/media\/cache\/group_thumb_square\/media\/attachments\/2025\/08\/event_138341_original-1.jpg",
                                            "group_large":"https:\/\/events.umich.edu\/media\/cache\/group_large\/media\/attachments\/2025\/08\/event_138341_original-1.jpg",
                                            "group_large_lightbox":"https:\/\/events.umich.edu\/media\/cache\/group_large_lightbox\/media\/attachments\/2025\/08\/event_138341_original-1.jpg",
                                            "event_large_crop":"https:\/\/events.umich.edu\/media\/cache\/event_large_crop\/media\/attachments\/2025\/08\/event_138341_original-1.jpg",
                                            "event_list":"https:\/\/events.umich.edu\/media\/cache\/event_list\/media\/attachments\/2025\/08\/event_138341_original-1.jpg",
                                            "event_list_2x":"https:\/\/events.umich.edu\/media\/cache\/event_list_2x\/media\/attachments\/2025\/08\/event_138341_original-1.jpg",
                                            "event_grid":"https:\/\/events.umich.edu\/media\/cache\/event_grid\/media\/attachments\/2025\/08\/event_138341_original-1.jpg",
                                            "event_grid_2x":"https:\/\/events.umich.edu\/media\/cache\/event_grid_2x\/media\/attachments\/2025\/08\/event_138341_original-1.jpg",
                                            "event_feature_large":"https:\/\/events.umich.edu\/media\/cache\/event_feature_large\/media\/attachments\/2025\/08\/event_138341_original-1.jpg",
                                            "event_feature_thumb":"https:\/\/events.umich.edu\/media\/cache\/event_feature_thumb\/media\/attachments\/2025\/08\/event_138341_original-1.jpg"                    },
        "occurrence_count":1,
        "first_occurrence":21882791
    }    ,    "138670-21883565":
    {
        "datetime_modified":"20251001T125501",
        "datetime_start":"20250902T123000",
        "datetime_end":"20250902T133000",
        "has_end_time":1,
        "date_start":"2025-09-02",
        "date_end":"2025-09-02",
        "time_start":"12:30:00",
        "time_end":"13:30:00",
        "time_zone":"America\/Detroit",
        "event_title":"Pause Caf\u00e9: French Conversation Hour",
        "occurrence_title":"",
        "combined_title":"Pause Caf\u00e9: French Conversation Hour",
        "event_subtitle":"",
        "event_type":"Social \/ Informal Gathering",
        "event_type_id":"19",
        "description":"-Enjoy coffee, tea, and snacks while improving your French skills! \r\n\r\n-Chat for 10 minutes or the entire hour. All language levels are welcome.\r\n\r\nThe RLL Commons is located in the center hallway of the 4th floor of the Modern Languages Building. \r\n\r\nFor more information contact Alan Ames at (alanames@umich.edu).",
        "occurrence_notes":"The RLL Commons is located in the center hallway of the 4th floor of the Modern Languages Building.",
                "guid":"138670-21883565@events.umich.edu",
        "permalink":"http:\/\/events.umich.edu\/event\/138670",
        "building_id":"1000207",
        "building_name":"Modern Languages Building",
        "campus_maps_id":"111",
        "room":"RLL Commons, 4314 MLB",
        "location_name":"Modern Languages Building",
        "has_livestream":0,
        "cost":"",
        "tags":["Coffee","Community","Culture","Discussion","Food","Free","French","Games","Global","Humanities","In Person","Interactive","Intercultural","Language","Multicultural","Networking","Romance Languages And Literatures","Social","Talk"],
        "website":"",
        "sponsors":[
             {
                "group_name":"Romance Languages & Literatures RLL",
                "group_id":"2963",
                "website":"https:\/\/lsa.umich.edu\/rll"                }                    ],
        "image_url":"https:\/\/events.umich.edu\/media\/attachments\/2025\/10\/event_138670_original-2.jpg",
        "styled_images":{
                                        "event_thumb":"https:\/\/events.umich.edu\/media\/cache\/event_thumb\/media\/attachments\/2025\/10\/event_138670_original-2.jpg",
                                            "event_large":"https:\/\/events.umich.edu\/media\/cache\/event_large\/media\/attachments\/2025\/10\/event_138670_original-2.jpg",
                                            "event_large_2x":"https:\/\/events.umich.edu\/media\/cache\/event_large_2x\/media\/attachments\/2025\/10\/event_138670_original-2.jpg",
                                            "event_large_lightbox":"https:\/\/events.umich.edu\/media\/cache\/event_large_lightbox\/media\/attachments\/2025\/10\/event_138670_original-2.jpg",
                                            "group_thumb":"https:\/\/events.umich.edu\/media\/cache\/group_thumb\/media\/attachments\/2025\/10\/event_138670_original-2.jpg",
                                            "group_thumb_square":"https:\/\/events.umich.edu\/media\/cache\/group_thumb_square\/media\/attachments\/2025\/10\/event_138670_original-2.jpg",
                                            "group_large":"https:\/\/events.umich.edu\/media\/cache\/group_large\/media\/attachments\/2025\/10\/event_138670_original-2.jpg",
                                            "group_large_lightbox":"https:\/\/events.umich.edu\/media\/cache\/group_large_lightbox\/media\/attachments\/2025\/10\/event_138670_original-2.jpg",
                                            "event_large_crop":"https:\/\/events.umich.edu\/media\/cache\/event_large_crop\/media\/attachments\/2025\/10\/event_138670_original-2.jpg",
                                            "event_list":"https:\/\/events.umich.edu\/media\/cache\/event_list\/media\/attachments\/2025\/10\/event_138670_original-2.jpg",
                                            "event_list_2x":"https:\/\/events.umich.edu\/media\/cache\/event_list_2x\/media\/attachments\/2025\/10\/event_138670_original-2.jpg",
                                            "event_grid":"https:\/\/events.umich.edu\/media\/cache\/event_grid\/media\/attachments\/2025\/10\/event_138670_original-2.jpg",
                                            "event_grid_2x":"https:\/\/events.umich.edu\/media\/cache\/event_grid_2x\/media\/attachments\/2025\/10\/event_138670_original-2.jpg",
                                            "event_feature_large":"https:\/\/events.umich.edu\/media\/cache\/event_feature_large\/media\/attachments\/2025\/10\/event_138670_original-2.jpg",
                                            "event_feature_thumb":"https:\/\/events.umich.edu\/media\/cache\/event_feature_thumb\/media\/attachments\/2025\/10\/event_138670_original-2.jpg"                    },
        "occurrence_count":13,
        "first_occurrence":21883565
    }    ,    "138776-21883892":
    {
        "datetime_modified":"20250903T151824",
        "datetime_start":"20250902T130000",
        "datetime_end":"20250902T140000",
        "has_end_time":1,
        "date_start":"2025-09-02",
        "date_end":"2025-09-02",
        "time_start":"13:00:00",
        "time_end":"14:00:00",
        "time_zone":"America\/Detroit",
        "event_title":"Kreativwerkstatt",
        "occurrence_title":"",
        "combined_title":"Kreativwerkstatt",
        "event_subtitle":"",
        "event_type":"Social \/ Informal Gathering",
        "event_type_id":"19",
        "description":"Chat in German and express yourself creatively. Crafting, coloring, painting, drawing, knitting, sewing, crochet, embroidery, origami? You will combine speaking German, any level welcome, beginners included, and creatively expressing yourself. You are encouraged to bring your own materials or (ongoing) projects, but we will also provide some materials and prompts each week. Contact Laura Okkema (lokkema@umich.edu) or Iris Zapf-Garcia (iriszaga@umich.edu.) with questions.",
        "occurrence_notes":null,
                "guid":"138776-21883892@events.umich.edu",
        "permalink":"http:\/\/events.umich.edu\/event\/138776",
        "building_id":"1000207",
        "building_name":"Modern Languages Building",
        "campus_maps_id":"111",
        "room":"3030 - Slavic Seminar Room",
        "location_name":"Modern Languages Building",
        "has_livestream":0,
        "cost":"",
        "tags":["Germanic Languages And Literatures"],
        "website":"",
        "sponsors":[
             {
                "group_name":"Germanic Languages & Literatures",
                "group_id":"3621",
                "website":"http:\/\/www.facebook.com\/umichGerman\/"                }                    ],
        "image_url":"https:\/\/events.umich.edu\/media\/attachments\/2025\/09\/event_138776_original-1.jpg",
        "styled_images":{
                                        "event_thumb":"https:\/\/events.umich.edu\/media\/cache\/event_thumb\/media\/attachments\/2025\/09\/event_138776_original-1.jpg",
                                            "event_large":"https:\/\/events.umich.edu\/media\/cache\/event_large\/media\/attachments\/2025\/09\/event_138776_original-1.jpg",
                                            "event_large_2x":"https:\/\/events.umich.edu\/media\/cache\/event_large_2x\/media\/attachments\/2025\/09\/event_138776_original-1.jpg",
                                            "event_large_lightbox":"https:\/\/events.umich.edu\/media\/cache\/event_large_lightbox\/media\/attachments\/2025\/09\/event_138776_original-1.jpg",
                                            "group_thumb":"https:\/\/events.umich.edu\/media\/cache\/group_thumb\/media\/attachments\/2025\/09\/event_138776_original-1.jpg",
                                            "group_thumb_square":"https:\/\/events.umich.edu\/media\/cache\/group_thumb_square\/media\/attachments\/2025\/09\/event_138776_original-1.jpg",
                                            "group_large":"https:\/\/events.umich.edu\/media\/cache\/group_large\/media\/attachments\/2025\/09\/event_138776_original-1.jpg",
                                            "group_large_lightbox":"https:\/\/events.umich.edu\/media\/cache\/group_large_lightbox\/media\/attachments\/2025\/09\/event_138776_original-1.jpg",
                                            "event_large_crop":"https:\/\/events.umich.edu\/media\/cache\/event_large_crop\/media\/attachments\/2025\/09\/event_138776_original-1.jpg",
                                            "event_list":"https:\/\/events.umich.edu\/media\/cache\/event_list\/media\/attachments\/2025\/09\/event_138776_original-1.jpg",
                                            "event_list_2x":"https:\/\/events.umich.edu\/media\/cache\/event_list_2x\/media\/attachments\/2025\/09\/event_138776_original-1.jpg",
                                            "event_grid":"https:\/\/events.umich.edu\/media\/cache\/event_grid\/media\/attachments\/2025\/09\/event_138776_original-1.jpg",
                                            "event_grid_2x":"https:\/\/events.umich.edu\/media\/cache\/event_grid_2x\/media\/attachments\/2025\/09\/event_138776_original-1.jpg",
                                            "event_feature_large":"https:\/\/events.umich.edu\/media\/cache\/event_feature_large\/media\/attachments\/2025\/09\/event_138776_original-1.jpg",
                                            "event_feature_thumb":"https:\/\/events.umich.edu\/media\/cache\/event_feature_thumb\/media\/attachments\/2025\/09\/event_138776_original-1.jpg"                    },
        "occurrence_count":13,
        "first_occurrence":21883892
    }    ,    "137327-21882166":
    {
        "datetime_modified":"20250917T123224",
        "datetime_start":"20250902T140000",
        "datetime_end":"20250902T144500",
        "has_end_time":1,
        "date_start":"2025-09-02",
        "date_end":"2025-09-02",
        "time_start":"14:00:00",
        "time_end":"14:45:00",
        "time_zone":"America\/Detroit",
        "event_title":"McKenney's Career Fair Prep Workshop!",
        "occurrence_title":"",
        "combined_title":"McKenney's Career Fair Prep Workshop!",
        "event_subtitle":"",
        "event_type":"Careers \/ Jobs",
        "event_type_id":"2",
        "description":"Are you ready to make the most out of your next career fair? Join McKenney's for a virtual workshop designed to equip you with the essential tools and strategies to stand out to potential employers. Whether you're a student, recent graduate, or looking to make a career change, this session will help you approach career fairs with confidence.",
        "occurrence_notes":null,
                "guid":"137327-21882166@events.umich.edu",
        "permalink":"http:\/\/events.umich.edu\/event\/137327",
        "building_id":"",
        "building_name":"",
        "campus_maps_id":"",
        "room":"",
        "location_name":"",
        "has_livestream":0,
        "cost":"",
        "tags":[],
        "website":"",
        "sponsors":[
             {
                "group_name":"University Career Center UCC",
                "group_id":"1140",
                "website":"http:\/\/careercenter.umich.edu"                }                    ],
        "image_url":"",
        "styled_images":{
                                        "event_thumb":"",
                                            "event_large":"",
                                            "event_large_2x":"",
                                            "event_large_lightbox":"",
                                            "group_thumb":"",
                                            "group_thumb_square":"",
                                            "group_large":"",
                                            "group_large_lightbox":"",
                                            "event_large_crop":"",
                                            "event_list":"",
                                            "event_list_2x":"",
                                            "event_grid":"",
                                            "event_grid_2x":"",
                                            "event_feature_large":"",
                                            "event_feature_thumb":""                    },
        "occurrence_count":1,
        "first_occurrence":21882166
    }    ,    "138769-21883850":
    {
        "datetime_modified":"20250903T135629",
        "datetime_start":"20250902T140000",
        "datetime_end":"20250902T150000",
        "has_end_time":1,
        "date_start":"2025-09-02",
        "date_end":"2025-09-02",
        "time_start":"14:00:00",
        "time_end":"15:00:00",
        "time_zone":"America\/Detroit",
        "event_title":"Schokoladenstunde",
        "occurrence_title":"",
        "combined_title":"Schokoladenstunde",
        "event_subtitle":"",
        "event_type":"Recreational \/ Games",
        "event_type_id":"18",
        "description":"German Lecturer, Silvia Grzeskowiak (sgrzesko@umich.edu), brings German chocolate to snack on and games to play (e.g. Tabu), all while chatting in German.",
        "occurrence_notes":null,
                "guid":"138769-21883850@events.umich.edu",
        "permalink":"http:\/\/events.umich.edu\/event\/138769",
        "building_id":"1000207",
        "building_name":"Modern Languages Building",
        "campus_maps_id":"111",
        "room":"3110 - German Common Room",
        "location_name":"Modern Languages Building",
        "has_livestream":0,
        "cost":"",
        "tags":["Games","Germanic Languages And Literatures"],
        "website":"",
        "sponsors":[
             {
                "group_name":"Germanic Languages & Literatures",
                "group_id":"3621",
                "website":"http:\/\/www.facebook.com\/umichGerman\/"                }                    ],
        "image_url":"https:\/\/events.umich.edu\/media\/attachments\/2025\/09\/event_138769_original-1.jpg",
        "styled_images":{
                                        "event_thumb":"https:\/\/events.umich.edu\/media\/cache\/event_thumb\/media\/attachments\/2025\/09\/event_138769_original-1.jpg",
                                            "event_large":"https:\/\/events.umich.edu\/media\/cache\/event_large\/media\/attachments\/2025\/09\/event_138769_original-1.jpg",
                                            "event_large_2x":"https:\/\/events.umich.edu\/media\/cache\/event_large_2x\/media\/attachments\/2025\/09\/event_138769_original-1.jpg",
                                            "event_large_lightbox":"https:\/\/events.umich.edu\/media\/cache\/event_large_lightbox\/media\/attachments\/2025\/09\/event_138769_original-1.jpg",
                                            "group_thumb":"https:\/\/events.umich.edu\/media\/cache\/group_thumb\/media\/attachments\/2025\/09\/event_138769_original-1.jpg",
                                            "group_thumb_square":"https:\/\/events.umich.edu\/media\/cache\/group_thumb_square\/media\/attachments\/2025\/09\/event_138769_original-1.jpg",
                                            "group_large":"https:\/\/events.umich.edu\/media\/cache\/group_large\/media\/attachments\/2025\/09\/event_138769_original-1.jpg",
                                            "group_large_lightbox":"https:\/\/events.umich.edu\/media\/cache\/group_large_lightbox\/media\/attachments\/2025\/09\/event_138769_original-1.jpg",
                                            "event_large_crop":"https:\/\/events.umich.edu\/media\/cache\/event_large_crop\/media\/attachments\/2025\/09\/event_138769_original-1.jpg",
                                            "event_list":"https:\/\/events.umich.edu\/media\/cache\/event_list\/media\/attachments\/2025\/09\/event_138769_original-1.jpg",
                                            "event_list_2x":"https:\/\/events.umich.edu\/media\/cache\/event_list_2x\/media\/attachments\/2025\/09\/event_138769_original-1.jpg",
                                            "event_grid":"https:\/\/events.umich.edu\/media\/cache\/event_grid\/media\/attachments\/2025\/09\/event_138769_original-1.jpg",
                                            "event_grid_2x":"https:\/\/events.umich.edu\/media\/cache\/event_grid_2x\/media\/attachments\/2025\/09\/event_138769_original-1.jpg",
                                            "event_feature_large":"https:\/\/events.umich.edu\/media\/cache\/event_feature_large\/media\/attachments\/2025\/09\/event_138769_original-1.jpg",
                                            "event_feature_thumb":"https:\/\/events.umich.edu\/media\/cache\/event_feature_thumb\/media\/attachments\/2025\/09\/event_138769_original-1.jpg"                    },
        "occurrence_count":13,
        "first_occurrence":21883850
    }    ,    "138578-21883406":
    {
        "datetime_modified":"20250901T234926",
        "datetime_start":"20250902T150000",
        "datetime_end":"20250902T160000",
        "has_end_time":1,
        "date_start":"2025-09-02",
        "date_end":"2025-09-02",
        "time_start":"15:00:00",
        "time_end":"16:00:00",
        "time_zone":"America\/Detroit",
        "event_title":"Student Commutative Algebra: Planning Meeting",
        "occurrence_title":"",
        "combined_title":"Student Commutative Algebra: Planning Meeting",
        "event_subtitle":"",
        "event_type":"Workshop \/ Seminar",
        "event_type_id":"21",
        "description":"We'll decide on a schedule of talks for the semester. If you're interested in giving a talk, giving input on what you'd like to hear about, or just introducing yourself, please join us!",
        "occurrence_notes":null,
                "guid":"138578-21883406@events.umich.edu",
        "permalink":"http:\/\/events.umich.edu\/event\/138578",
        "building_id":"1000166",
        "building_name":"East Hall",
        "campus_maps_id":"53",
        "room":"3088",
        "location_name":"East Hall",
        "has_livestream":0,
        "cost":"",
        "tags":["Mathematics"],
        "website":"",
        "sponsors":[
             {
                "group_name":"Student Commutative Algebra Seminar - Department of Mathematics",
                "group_id":"4908",
                "website":""                },             {
                "group_name":"Department of Mathematics",
                "group_id":"3791",
                "website":""                }                    ],
        "image_url":"",
        "styled_images":{
                                        "event_thumb":"",
                                            "event_large":"",
                                            "event_large_2x":"",
                                            "event_large_lightbox":"",
                                            "group_thumb":"",
                                            "group_thumb_square":"",
                                            "group_large":"",
                                            "group_large_lightbox":"",
                                            "event_large_crop":"",
                                            "event_list":"",
                                            "event_list_2x":"",
                                            "event_grid":"",
                                            "event_grid_2x":"",
                                            "event_feature_large":"",
                                            "event_feature_thumb":""                    },
        "occurrence_count":1,
        "first_occurrence":21883406
    }    ,    "137408-21880209":
    {
        "datetime_modified":"20250811T164202",
        "datetime_start":"20250902T160000",
        "datetime_end":"20250902T170000",
        "has_end_time":1,
        "date_start":"2025-09-02",
        "date_end":"2025-09-02",
        "time_start":"16:00:00",
        "time_end":"17:00:00",
        "time_zone":"America\/Detroit",
        "event_title":"Beyond Violence, Borders, and Silence: How Exiles Confronted Authoritarianism in Argentina and Colombia, 1970-1991",
        "occurrence_title":"",
        "combined_title":"Beyond Violence, Borders, and Silence: How Exiles Confronted Authoritarianism in Argentina and Colombia, 1970-1991: Leydy Diossa-Jimenez, Ph.D., University of Michigan",
        "event_subtitle":"Leydy Diossa-Jimenez, Ph.D., University of Michigan",
        "event_type":"Lecture \/ Discussion",
        "event_type_id":"13",
        "description":"Beyond Violence, Borders, and Silence\" examines how political exiles from Argentina and Colombia navigated repression and displacement between 1970 and 1991. Drawing on archival research and oral histories, UM Research Fellow Leydy Diossa-Jimenez, Ph.D., explores how exiles organized across borders, challenged authoritarian regimes, and fostered transnational solidarity. The talk highlights the ways exile became both a site of political struggle and a catalyst for reimagining democratic futures in Latin America.\r\n   \r\nIf there is anything we can do to make this event accessible to you, please contact us at emergingdemocracies@umich.edu. Please be aware that advance notice is necessary as some accommodations may require more time for the university to arrange.",
        "occurrence_notes":null,
                "guid":"137408-21880209@events.umich.edu",
        "permalink":"http:\/\/events.umich.edu\/event\/137408",
        "building_id":"1000165",
        "building_name":"Weiser Hall",
        "campus_maps_id":"47",
        "room":"Room 555",
        "location_name":"Weiser Hall",
        "has_livestream":0,
        "cost":"",
        "tags":["Authoritarianism","international relations","politics","Weiser Center For Emerging Democracies"],
        "website":"",
        "sponsors":[
             {
                "group_name":"Center for Emerging Democracies",
                "group_id":"3096",
                "website":"http:\/\/www.ii.umich.edu\/emergingdemocracies"                },             {
                "group_name":"International Institute",
                "group_id":"1968",
                "website":"http:\/\/www.ii.umich.edu"                }                    ],
        "image_url":"https:\/\/events.umich.edu\/media\/attachments\/2025\/08\/event_137408_original-1.jpg",
        "styled_images":{
                                        "event_thumb":"https:\/\/events.umich.edu\/media\/cache\/event_thumb\/media\/attachments\/2025\/08\/event_137408_original-1.jpg",
                                            "event_large":"https:\/\/events.umich.edu\/media\/cache\/event_large\/media\/attachments\/2025\/08\/event_137408_original-1.jpg",
                                            "event_large_2x":"https:\/\/events.umich.edu\/media\/cache\/event_large_2x\/media\/attachments\/2025\/08\/event_137408_original-1.jpg",
                                            "event_large_lightbox":"https:\/\/events.umich.edu\/media\/cache\/event_large_lightbox\/media\/attachments\/2025\/08\/event_137408_original-1.jpg",
                                            "group_thumb":"https:\/\/events.umich.edu\/media\/cache\/group_thumb\/media\/attachments\/2025\/08\/event_137408_original-1.jpg",
                                            "group_thumb_square":"https:\/\/events.umich.edu\/media\/cache\/group_thumb_square\/media\/attachments\/2025\/08\/event_137408_original-1.jpg",
                                            "group_large":"https:\/\/events.umich.edu\/media\/cache\/group_large\/media\/attachments\/2025\/08\/event_137408_original-1.jpg",
                                            "group_large_lightbox":"https:\/\/events.umich.edu\/media\/cache\/group_large_lightbox\/media\/attachments\/2025\/08\/event_137408_original-1.jpg",
                                            "event_large_crop":"https:\/\/events.umich.edu\/media\/cache\/event_large_crop\/media\/attachments\/2025\/08\/event_137408_original-1.jpg",
                                            "event_list":"https:\/\/events.umich.edu\/media\/cache\/event_list\/media\/attachments\/2025\/08\/event_137408_original-1.jpg",
                                            "event_list_2x":"https:\/\/events.umich.edu\/media\/cache\/event_list_2x\/media\/attachments\/2025\/08\/event_137408_original-1.jpg",
                                            "event_grid":"https:\/\/events.umich.edu\/media\/cache\/event_grid\/media\/attachments\/2025\/08\/event_137408_original-1.jpg",
                                            "event_grid_2x":"https:\/\/events.umich.edu\/media\/cache\/event_grid_2x\/media\/attachments\/2025\/08\/event_137408_original-1.jpg",
                                            "event_feature_large":"https:\/\/events.umich.edu\/media\/cache\/event_feature_large\/media\/attachments\/2025\/08\/event_137408_original-1.jpg",
                                            "event_feature_thumb":"https:\/\/events.umich.edu\/media\/cache\/event_feature_thumb\/media\/attachments\/2025\/08\/event_137408_original-1.jpg"                    },
        "occurrence_count":1,
        "first_occurrence":21880209
    }    ,    "138322-21882771":
    {
        "datetime_modified":"20250828T081157",
        "datetime_start":"20250902T160000",
        "datetime_end":"20250902T170000",
        "has_end_time":1,
        "date_start":"2025-09-02",
        "date_end":"2025-09-02",
        "time_start":"16:00:00",
        "time_end":"17:00:00",
        "time_zone":"America\/Detroit",
        "event_title":"CM-AMO Seminar | Demonstrating beam splitters for reaction pathways in the field of cold chemistry",
        "occurrence_title":"",
        "combined_title":"CM-AMO Seminar | Demonstrating beam splitters for reaction pathways in the field of cold chemistry: Johannes Hecker Denschlag (Institut f\u00fcr Quantenmaterie, Universit\u00e4t Ulm)",
        "event_subtitle":"Johannes Hecker Denschlag (Institut f\u00fcr Quantenmaterie, Universit\u00e4t Ulm)",
        "event_type":"Workshop \/ Seminar",
        "event_type_id":"21",
        "description":"Our group studies chemical reactions of ultracold Rb atoms in a state-to-state resolved fashion, where we prepare reactants in well defined quantum states and measure the quantum states of the molecular products. In particular, we focus on three-body recombination where three atoms collide, forming a diatomic molecule. The third atom carries away part of the binding energy. We are currently investigating methods to gain control over this chemical reaction. By making use of either a magnetically tunable Feshbach resonance or an avoided crossing of molecular levels we can effectively construct different kinds of beam splitters for the reaction pathways. The idea is to resonantly admix at specific points of the reaction coordinate additional quantum states to the original collision complex. This opens up an additional pathway that the reaction can take. By tuning the magnetic field in our experiments, we can control these beam splitters and can redirect a sizeable fraction of the reaction flux between different product channels. These beam splitters are fully coherent and, in the future, it should be possible to use them also in interferometric schemes for controlling the reaction.",
        "occurrence_notes":null,
                "guid":"138322-21882771@events.umich.edu",
        "permalink":"http:\/\/events.umich.edu\/event\/138322",
        "building_id":"1000167",
        "building_name":"West Hall",
        "campus_maps_id":"163",
        "room":"340",
        "location_name":"West Hall",
        "has_livestream":0,
        "cost":"",
        "tags":["Physics","Science"],
        "website":"",
        "sponsors":[
             {
                "group_name":"CM-AMO Seminars",
                "group_id":"3801",
                "website":""                },             {
                "group_name":"Department of Physics",
                "group_id":"1965",
                "website":""                }                    ],
        "image_url":"",
        "styled_images":{
                                        "event_thumb":"",
                                            "event_large":"",
                                            "event_large_2x":"",
                                            "event_large_lightbox":"",
                                            "group_thumb":"",
                                            "group_thumb_square":"",
                                            "group_large":"",
                                            "group_large_lightbox":"",
                                            "event_large_crop":"",
                                            "event_list":"",
                                            "event_list_2x":"",
                                            "event_grid":"",
                                            "event_grid_2x":"",
                                            "event_feature_large":"",
                                            "event_feature_thumb":""                    },
        "occurrence_count":1,
        "first_occurrence":21882771
    }    ,    "137563-21882257":
    {
        "datetime_modified":"20250917T123242",
        "datetime_start":"20250902T160000",
        "datetime_end":"20250902T164500",
        "has_end_time":1,
        "date_start":"2025-09-02",
        "date_end":"2025-09-02",
        "time_start":"16:00:00",
        "time_end":"16:45:00",
        "time_zone":"America\/Detroit",
        "event_title":"Girls Who Invest Information Session",
        "occurrence_title":"",
        "combined_title":"Girls Who Invest Information Session",
        "event_subtitle":"",
        "event_type":"Careers \/ Jobs",
        "event_type_id":"2",
        "description":"Join us for an information session to hear from our team about 2026 programming! Our information session will cover the Girls Who Invest (GWI) Intensive Program and our application process.Eligible students for the 2026 GWI Intensive Program are those graduating between fall 2027 and spring 2029.&nbsp;Come with your questions - we're happy to answer them!Note: you must submit the GWI-specific registration link to attend this event.For any event or application-related questions, reach out to application@girlswhoinvest.org.",
        "occurrence_notes":null,
                "guid":"137563-21882257@events.umich.edu",
        "permalink":"http:\/\/events.umich.edu\/event\/137563",
        "building_id":"",
        "building_name":"",
        "campus_maps_id":"",
        "room":"",
        "location_name":"",
        "has_livestream":0,
        "cost":"",
        "tags":[],
        "website":"",
        "sponsors":[
             {
                "group_name":"University Career Center UCC",
                "group_id":"1140",
                "website":"http:\/\/careercenter.umich.edu"                }                    ],
        "image_url":"",
        "styled_images":{
                                        "event_thumb":"",
                                            "event_large":"",
                                            "event_large_2x":"",
                                            "event_large_lightbox":"",
                                            "group_thumb":"",
                                            "group_thumb_square":"",
                                            "group_large":"",
                                            "group_large_lightbox":"",
                                            "event_large_crop":"",
                                            "event_list":"",
                                            "event_list_2x":"",
                                            "event_grid":"",
                                            "event_grid_2x":"",
                                            "event_feature_large":"",
                                            "event_feature_thumb":""                    },
        "occurrence_count":1,
        "first_occurrence":21882257
    }    ,    "136452-21878724":
    {
        "datetime_modified":"20250822T100114",
        "datetime_start":"20250902T160000",
        "datetime_end":"20250902T173000",
        "has_end_time":1,
        "date_start":"2025-09-02",
        "date_end":"2025-09-02",
        "time_start":"16:00:00",
        "time_end":"17:30:00",
        "time_zone":"America\/Detroit",
        "event_title":"WISE STEM Welcome & Ice Cream Social Events",
        "occurrence_title":"WISE Grad Student Welcome & Ice Cream Social",
        "combined_title":"WISE STEM Welcome & Ice Cream Social Events: WISE Grad Student Welcome & Ice Cream Social",
        "event_subtitle":"",
        "event_type":"Workshop \/ Seminar",
        "event_type_id":"21",
        "description":"Looking to connect with other students in STEM? Curious about Women in Science and Engineering and how can you get involved? Get everything you need to know about WISE, meet our staff & student mentors, and connect with other STEM students at one of our welcome events. \r\n\r\nWe will have ice cream and popsicles to enjoy as well as some fun WISE giveaways. Each event is designed to help students on similar STEM paths connect. We have an event for STEM grad students\/post docs, one for first-year STEM students, one for engineering students, and one for all STEM students, however, each of these events are open to everyone. Choose the event that makes the most sense for you\/your schedule. Advanced registration preferred. We hope to see you there!\r\n\r\nTuesday, 9\/2: Graduate Student & Post Doctoral Scholar Welcome\r\nWednesday, 9\/3: First-year Student Welcome\r\nThursday, 9\/4: College of Engineering Student Welcome\r\nFriday, 9\/5: All STEM Student Welcome",
        "occurrence_notes":null,
                "guid":"136452-21878724@events.umich.edu",
        "permalink":"http:\/\/events.umich.edu\/event\/136452",
        "building_id":"",
        "building_name":"",
        "campus_maps_id":"",
        "room":"",
        "location_name":"3236 Undergraduate Science Building",
        "has_livestream":0,
        "cost":"",
        "tags":["Biosciences","College Of Engineering","Engineering","First-year","Graduate and Professional Students","Graduate Students","Life Science","Postdoctoral Research Fellows","Public Health","Rackham","science","Sessions","The College Of Literature, Science, And The Arts","Undergraduate","Undergraduate Students","Women In Engineering","Women In Science","Women In Science And Engineering","Women In Stem"],
        "website":"https:\/\/sessions.studentlife.umich.edu\/p\/track\/14627",
        "sponsors":[
             {
                "group_name":"Sessions @ Michigan",
                "group_id":"4791",
                "website":"https:\/\/sessions.studentlife.umich.edu\/"                },             {
                "group_name":"Women in Science and Engineering (WISE) Program",
                "group_id":"3737",
                "website":"http:\/\/wise.umich.edu"                }                    ],
        "image_url":"https:\/\/events.umich.edu\/media\/attachments\/2025\/08\/event_136452_original-1.png",
        "styled_images":{
                                        "event_thumb":"https:\/\/events.umich.edu\/media\/cache\/event_thumb\/media\/attachments\/2025\/08\/event_136452_original-1.png",
                                            "event_large":"https:\/\/events.umich.edu\/media\/cache\/event_large\/media\/attachments\/2025\/08\/event_136452_original-1.png",
                                            "event_large_2x":"https:\/\/events.umich.edu\/media\/cache\/event_large_2x\/media\/attachments\/2025\/08\/event_136452_original-1.png",
                                            "event_large_lightbox":"https:\/\/events.umich.edu\/media\/cache\/event_large_lightbox\/media\/attachments\/2025\/08\/event_136452_original-1.png",
                                            "group_thumb":"https:\/\/events.umich.edu\/media\/cache\/group_thumb\/media\/attachments\/2025\/08\/event_136452_original-1.png",
                                            "group_thumb_square":"https:\/\/events.umich.edu\/media\/cache\/group_thumb_square\/media\/attachments\/2025\/08\/event_136452_original-1.png",
                                            "group_large":"https:\/\/events.umich.edu\/media\/cache\/group_large\/media\/attachments\/2025\/08\/event_136452_original-1.png",
                                            "group_large_lightbox":"https:\/\/events.umich.edu\/media\/cache\/group_large_lightbox\/media\/attachments\/2025\/08\/event_136452_original-1.png",
                                            "event_large_crop":"https:\/\/events.umich.edu\/media\/cache\/event_large_crop\/media\/attachments\/2025\/08\/event_136452_original-1.png",
                                            "event_list":"https:\/\/events.umich.edu\/media\/cache\/event_list\/media\/attachments\/2025\/08\/event_136452_original-1.png",
                                            "event_list_2x":"https:\/\/events.umich.edu\/media\/cache\/event_list_2x\/media\/attachments\/2025\/08\/event_136452_original-1.png",
                                            "event_grid":"https:\/\/events.umich.edu\/media\/cache\/event_grid\/media\/attachments\/2025\/08\/event_136452_original-1.png",
                                            "event_grid_2x":"https:\/\/events.umich.edu\/media\/cache\/event_grid_2x\/media\/attachments\/2025\/08\/event_136452_original-1.png",
                                            "event_feature_large":"https:\/\/events.umich.edu\/media\/cache\/event_feature_large\/media\/attachments\/2025\/08\/event_136452_original-1.png",
                                            "event_feature_thumb":"https:\/\/events.umich.edu\/media\/cache\/event_feature_thumb\/media\/attachments\/2025\/08\/event_136452_original-1.png"                    },
        "occurrence_count":4,
        "first_occurrence":21878724
    }    ,    "137798-21880783":
    {
        "datetime_modified":"20250820T095301",
        "datetime_start":"20250902T163000",
        "datetime_end":"20250902T180000",
        "has_end_time":1,
        "date_start":"2025-09-02",
        "date_end":"2025-09-02",
        "time_start":"16:30:00",
        "time_end":"18:00:00",
        "time_zone":"America\/Detroit",
        "event_title":"ChE on the Lawn",
        "occurrence_title":"",
        "combined_title":"ChE on the Lawn",
        "event_subtitle":"",
        "event_type":"Social \/ Informal Gathering",
        "event_type_id":"19",
        "description":"Culture and Community Event for ChE undergraduate students, graduate students, faculty and staff. Featuring mingling, lawn games, and serving frozen treats and lemonade.",
        "occurrence_notes":"Lawn outside of Dow Building",
                "guid":"137798-21880783@events.umich.edu",
        "permalink":"http:\/\/events.umich.edu\/event\/137798",
        "building_id":"1000447",
        "building_name":"Herbert H. Dow  Building",
        "campus_maps_id":"51",
        "room":"",
        "location_name":"Herbert H. Dow  Building",
        "has_livestream":0,
        "cost":"",
        "tags":["chemical engineering","Faculty","Free","graduate students","Undergraduate Students"],
        "website":"http:\/\/che.engin.umich.edu\/",
        "sponsors":[
             {
                "group_name":"Chemical Engineering",
                "group_id":"3218",
                "website":"http:\/\/che.engin.umich.edu\/"                }                    ],
        "image_url":"",
        "styled_images":{
                                        "event_thumb":"",
                                            "event_large":"",
                                            "event_large_2x":"",
                                            "event_large_lightbox":"",
                                            "group_thumb":"",
                                            "group_thumb_square":"",
                                            "group_large":"",
                                            "group_large_lightbox":"",
                                            "event_large_crop":"",
                                            "event_list":"",
                                            "event_list_2x":"",
                                            "event_grid":"",
                                            "event_grid_2x":"",
                                            "event_feature_large":"",
                                            "event_feature_thumb":""                    },
        "occurrence_count":1,
        "first_occurrence":21880783
    }    }
