{
    "150288-21908762":
    {
        "datetime_modified":"20260814T155326",
        "datetime_start":"20260916T130000",
        "datetime_end":"20260916T160000",
        "has_end_time":1,
        "date_start":"2026-09-16",
        "date_end":"2026-09-16",
        "time_start":"13:00:00",
        "time_end":"16:00:00",
        "time_zone":"America\/Detroit",
        "event_title":"CEW+ Open House",
        "occurrence_title":"",
        "combined_title":"CEW+ Open House",
        "event_subtitle":"",
        "event_type":"Reception \/ Open House",
        "event_type_id":"17",
        "description":"Join us at the CEW+ Open House! Meet our staff, tour our center, and settle down for a craft at your leisure. Enjoy a delicious snack while you learn about our various offerings for students: counseling, funding, and events. Stay the whole time or just drop by. We look forward to welcoming you into our sunny library and getting to know\/reconnect with our neighbors throughout campus.",
        "occurrence_notes":null,
                "guid":"150288-21908762@events.umich.edu",
        "permalink":"http:\/\/events.umich.edu\/event\/150288",
        "building_id":"0",
        "building_name":"Center for the Education of Women",
        "campus_maps_id":"577",
        "room":"",
        "location_name":"Center for the Education of Women",
        "has_livestream":0,
        "cost":"",
        "tags":["Student Caregiver","LGBT","Lgbti","lgbtq","LGBTQ Graduate Student","Nontraditional Students","open house","Parents","Prospective Graduate Students","Prospective Undergraduate Students","Staff","Inclusion","Student Caregivers","Student Parent","Student Parents","Students With Children","transfer students","Undergraduate","Undergraduate Students","Welcome to Michigan","Well-being","women","graduate students","Work-life Balance","women of color","women leaders","Women In Stem","women in science and engineering","Women In Science","Women In Engineering","Caregiver","Caregivers","center for the education of women","Cew+","Community","community college transfer student","first-generation","Food","Free","Graduate and Professional Students"],
        "website":"https:\/\/cew.umich.edu\/events\/cew-open-house-fall26\/",
        "sponsors":[
             {
                "group_name":"CEW+",
                "group_id":"2927",
                "website":"http:\/\/cew.umich.edu"                }                    ],
        "image_url":"https:\/\/events.umich.edu\/media\/attachments\/2026\/08\/event_150288_original-1.png",
        "styled_images":{
                                        "event_thumb":"https:\/\/events.umich.edu\/media\/cache\/resolve\/event_thumb\/media\/attachments\/2026\/08\/crop-event_150288_original-1.png",
                                            "event_large":"https:\/\/events.umich.edu\/media\/cache\/resolve\/event_large\/media\/attachments\/2026\/08\/crop-event_150288_original-1.png",
                                            "event_large_2x":"https:\/\/events.umich.edu\/media\/cache\/resolve\/event_large_2x\/media\/attachments\/2026\/08\/crop-event_150288_original-1.png",
                                            "event_large_lightbox":"https:\/\/events.umich.edu\/media\/cache\/event_large_lightbox\/media\/attachments\/2026\/08\/crop-event_150288_original-1.png",
                                            "group_thumb":"https:\/\/events.umich.edu\/media\/cache\/resolve\/group_thumb\/media\/attachments\/2026\/08\/crop-event_150288_original-1.png",
                                            "group_thumb_square":"https:\/\/events.umich.edu\/media\/cache\/resolve\/group_thumb_square\/media\/attachments\/2026\/08\/crop-event_150288_original-1.png",
                                            "group_large":"https:\/\/events.umich.edu\/media\/cache\/resolve\/group_large\/media\/attachments\/2026\/08\/crop-event_150288_original-1.png",
                                            "group_large_lightbox":"https:\/\/events.umich.edu\/media\/cache\/resolve\/group_large_lightbox\/media\/attachments\/2026\/08\/crop-event_150288_original-1.png",
                                            "event_large_crop":"https:\/\/events.umich.edu\/media\/cache\/resolve\/event_large_crop\/media\/attachments\/2026\/08\/crop-event_150288_original-1.png",
                                            "event_list":"https:\/\/events.umich.edu\/media\/cache\/event_list\/media\/attachments\/2026\/08\/crop-event_150288_original-1.png",
                                            "event_list_2x":"https:\/\/events.umich.edu\/media\/cache\/event_list_2x\/media\/attachments\/2026\/08\/crop-event_150288_original-1.png",
                                            "event_grid":"https:\/\/events.umich.edu\/media\/cache\/event_grid\/media\/attachments\/2026\/08\/crop-event_150288_original-1.png",
                                            "event_grid_2x":"https:\/\/events.umich.edu\/media\/cache\/resolve\/event_grid_2x\/media\/attachments\/2026\/08\/crop-event_150288_original-1.png",
                                            "event_feature_large":"https:\/\/events.umich.edu\/media\/cache\/resolve\/event_feature_large\/media\/attachments\/2026\/08\/crop-event_150288_original-1.png",
                                            "event_feature_thumb":"https:\/\/events.umich.edu\/media\/cache\/resolve\/event_feature_thumb\/media\/attachments\/2026\/08\/crop-event_150288_original-1.png"                    },
        "occurrence_count":1,
        "first_occurrence":21908762
    }    ,    "151426-21911581":
    {
        "datetime_modified":"20260902T162656",
        "datetime_start":"20260916T130000",
        "datetime_end":"20260916T170000",
        "has_end_time":1,
        "date_start":"2026-09-16",
        "date_end":"2026-09-16",
        "time_start":"13:00:00",
        "time_end":"17:00:00",
        "time_zone":"America\/Detroit",
        "event_title":"September Faculty On-Campus Work Retreats",
        "occurrence_title":"",
        "combined_title":"September Faculty On-Campus Work Retreats",
        "event_subtitle":"",
        "event_type":"Recreational \/ Games",
        "event_type_id":"18",
        "description":"Sign up for a two-hour work session, followed by a hot lunch with colleagues. The Faculty On-Campus Work Retreats offer a quiet space to work with other scholars and artists, and an opportunity for you to prioritize your research and creative work by committing to one or two work sessions before teaching, service, and email take over the semester. Lunch, after the work session, is a chance to share interests and work with other colleagues, to learn about each others\u2019 research, to grow professional and social networks, and to experience the University as a collective.\n\nThe Work Retreats are open to all ~7,600 members of the Faculty Senate, including tenure-track professors, lecturers, research faculty, clinical faculty, librarians, archivists, and curators. The series was developed by the Faculty Senate Office, is supported by the Office of the Provost, and is co-sponsored by Librarian Mary Lawrence.\n\nThe morning retreats officially run from 10-1 (10-12 for quiet work time and 12-1 for lunch). Faculty are also invited to arrive at 9am to get in an extra hour of work (and enjoy coffee, tea, and breakfast snacks). You\u2019re welcome to arrive early, any time after 9 am. Afternoon retreats officially begin at 1pm and run until 5pm. Snacks and coffee\/tea are provided. \n\n\nNew dates will be published monthly!",
        "occurrence_notes":null,
                "guid":"151426-21911581@events.umich.edu",
        "permalink":"http:\/\/events.umich.edu\/event\/151426",
        "building_id":"1000165",
        "building_name":"Weiser Hall",
        "campus_maps_id":"47",
        "room":"1010",
        "location_name":"Weiser Hall",
        "has_livestream":0,
        "cost":"",
        "tags":["Socialize","Co Working","Faculty"],
        "website":"https:\/\/facultysenate.umich.edu\/faculty-work-retreats\/",
        "sponsors":[
             {
                "group_name":"Faculty Senate",
                "group_id":"3386",
                "website":"http:\/\/www.facultysenate.umich.edu"                }                    ],
        "image_url":"https:\/\/events.umich.edu\/media\/attachments\/2026\/09\/event_151426_original-1.png",
        "styled_images":{
                                        "event_thumb":"https:\/\/events.umich.edu\/media\/cache\/event_thumb\/media\/attachments\/2026\/09\/event_151426_original-1.png",
                                            "event_large":"https:\/\/events.umich.edu\/media\/cache\/event_large\/media\/attachments\/2026\/09\/event_151426_original-1.png",
                                            "event_large_2x":"https:\/\/events.umich.edu\/media\/cache\/resolve\/event_large_2x\/media\/attachments\/2026\/09\/event_151426_original-1.png",
                                            "event_large_lightbox":"https:\/\/events.umich.edu\/media\/cache\/event_large_lightbox\/media\/attachments\/2026\/09\/event_151426_original-1.png",
                                            "group_thumb":"https:\/\/events.umich.edu\/media\/cache\/resolve\/group_thumb\/media\/attachments\/2026\/09\/event_151426_original-1.png",
                                            "group_thumb_square":"https:\/\/events.umich.edu\/media\/cache\/resolve\/group_thumb_square\/media\/attachments\/2026\/09\/event_151426_original-1.png",
                                            "group_large":"https:\/\/events.umich.edu\/media\/cache\/resolve\/group_large\/media\/attachments\/2026\/09\/event_151426_original-1.png",
                                            "group_large_lightbox":"https:\/\/events.umich.edu\/media\/cache\/resolve\/group_large_lightbox\/media\/attachments\/2026\/09\/event_151426_original-1.png",
                                            "event_large_crop":"https:\/\/events.umich.edu\/media\/cache\/resolve\/event_large_crop\/media\/attachments\/2026\/09\/event_151426_original-1.png",
                                            "event_list":"https:\/\/events.umich.edu\/media\/cache\/resolve\/event_list\/media\/attachments\/2026\/09\/event_151426_original-1.png",
                                            "event_list_2x":"https:\/\/events.umich.edu\/media\/cache\/event_list_2x\/media\/attachments\/2026\/09\/event_151426_original-1.png",
                                            "event_grid":"https:\/\/events.umich.edu\/media\/cache\/event_grid\/media\/attachments\/2026\/09\/event_151426_original-1.png",
                                            "event_grid_2x":"https:\/\/events.umich.edu\/media\/cache\/resolve\/event_grid_2x\/media\/attachments\/2026\/09\/event_151426_original-1.png",
                                            "event_feature_large":"https:\/\/events.umich.edu\/media\/cache\/resolve\/event_feature_large\/media\/attachments\/2026\/09\/event_151426_original-1.png",
                                            "event_feature_thumb":"https:\/\/events.umich.edu\/media\/cache\/event_feature_thumb\/media\/attachments\/2026\/09\/event_151426_original-1.png"                    },
        "occurrence_count":3,
        "first_occurrence":21911581
    }    ,    "149754-21907058":
    {
        "datetime_modified":"20260906T022158",
        "datetime_start":"20260916T130000",
        "datetime_end":"20260916T170000",
        "has_end_time":1,
        "date_start":"2026-09-16",
        "date_end":"2026-09-16",
        "time_start":"13:00:00",
        "time_end":"17:00:00",
        "time_zone":"America\/Detroit",
        "event_title":"September- Faculty On-Campus Work Retreats",
        "occurrence_title":"[AFTERNOON] Faculty On-Campus Work Retreat",
        "combined_title":"September- Faculty On-Campus Work Retreats: [AFTERNOON] Faculty On-Campus Work Retreat",
        "event_subtitle":"",
        "event_type":"Workshop \/ Seminar",
        "event_type_id":"21",
        "description":"Sign up for a two-hour work session, followed by a hot lunch with colleagues. The Faculty On-Campus Work Retreats offer a quiet space to work with other scholars and artists, and an opportunity for you to prioritize your research and creative work by committing to one or two work sessions before teaching, service, and email take over the semester. Lunch, after the work session, is a chance to share interests and work with other colleagues, to learn about each others\u2019 research, to grow professional and social networks, and to experience the University as a collective.The Work Retreats are open to all ~7,800 members of the Faculty Senate, including tenure-track professors, lecturers, research faculty, clinical faculty, librarians, archivists, and curators. The series was developed by the Faculty Senate Office, is supported by the Office of the Provost, and is co-sponsored by Librarian Mary Lawrence.",
        "occurrence_notes":null,
                "guid":"149754-21907058@events.umich.edu",
        "permalink":"http:\/\/events.umich.edu\/event\/149754",
        "building_id":"",
        "building_name":"",
        "campus_maps_id":"",
        "room":"",
        "location_name":"Weiser Hall, Room 1010. 500 Church Street, Ann Arbor, MI, 48109",
        "has_livestream":0,
        "cost":"",
        "tags":["Sessions"],
        "website":"https:\/\/sessions.studentlife.umich.edu\/p\/track\/17534",
        "sponsors":[
             {
                "group_name":"Sessions @ Michigan",
                "group_id":"4791",
                "website":"https:\/\/sessions.studentlife.umich.edu\/"                }                    ],
        "image_url":"",
        "styled_images":{
                                        "event_thumb":"",
                                            "event_large":"",
                                            "event_large_2x":"",
                                            "event_large_lightbox":"",
                                            "group_thumb":"",
                                            "group_thumb_square":"",
                                            "group_large":"",
                                            "group_large_lightbox":"",
                                            "event_large_crop":"",
                                            "event_list":"",
                                            "event_list_2x":"",
                                            "event_grid":"",
                                            "event_grid_2x":"",
                                            "event_feature_large":"",
                                            "event_feature_thumb":""                    },
        "occurrence_count":3,
        "first_occurrence":21907058
    }    ,    "150777-21910159":
    {
        "datetime_modified":"20260824T111419",
        "datetime_start":"20260916T130000",
        "datetime_end":"20260916T140000",
        "has_end_time":1,
        "date_start":"2026-09-16",
        "date_end":"2026-09-16",
        "time_start":"13:00:00",
        "time_end":"14:00:00",
        "time_zone":"America\/Detroit",
        "event_title":"Unlocking Your Potential: Professional and Career Development Resources for U-M Staff",
        "occurrence_title":"",
        "combined_title":"Unlocking Your Potential: Professional and Career Development Resources for U-M Staff: Presenter: Amy Brown",
        "event_subtitle":"Presenter: Amy Brown",
        "event_type":"Workshop \/ Seminar",
        "event_type_id":"21",
        "description":"Course details and registration are available on the Organizational Learning website.",
        "occurrence_notes":null,
                "guid":"150777-21910159@events.umich.edu",
        "permalink":"http:\/\/events.umich.edu\/event\/150777",
        "building_id":"null",
        "building_name":"Off Campus Location",
        "campus_maps_id":"1",
        "room":"",
        "location_name":"Virtual",
        "has_livestream":1,
        "livestream_type":"other",
        "livetream_require_login":0,
        "livestream_id":"",        
        "livestream_link":"",        
        "cost":"",
        "tags":["Self Development","Professional Development","Career"],
        "website":"https:\/\/hr.umich.edu\/working-u-m\/professional-development\/courses\/unlocking-your-potential-professional-career-development-resources-u-m-staff",
        "sponsors":[
             {
                "group_name":"Organizational Learning",
                "group_id":"2606",
                "website":"https:\/\/hr.umich.edu\/organizational-learning"                }                    ],
        "image_url":"",
        "styled_images":{
                                        "event_thumb":"",
                                            "event_large":"",
                                            "event_large_2x":"",
                                            "event_large_lightbox":"",
                                            "group_thumb":"",
                                            "group_thumb_square":"",
                                            "group_large":"",
                                            "group_large_lightbox":"",
                                            "event_large_crop":"",
                                            "event_list":"",
                                            "event_list_2x":"",
                                            "event_grid":"",
                                            "event_grid_2x":"",
                                            "event_feature_large":"",
                                            "event_feature_thumb":""                    },
        "occurrence_count":1,
        "first_occurrence":21910159
    }    ,    "150313-21909004":
    {
        "datetime_modified":"20260816T221357",
        "datetime_start":"20260916T140000",
        "datetime_end":"20260916T160000",
        "has_end_time":1,
        "date_start":"2026-09-16",
        "date_end":"2026-09-16",
        "time_start":"14:00:00",
        "time_end":"16:00:00",
        "time_zone":"America\/Detroit",
        "event_title":"CMENAS 2026 Fall Colloquium Series | Projecting Power: Film Diplomacy and the Making of the Turkey-US Alliance",
        "occurrence_title":"",
        "combined_title":"CMENAS 2026 Fall Colloquium Series | Projecting Power: Film Diplomacy and the Making of the Turkey-US Alliance: Ay\u015fehan J\u00fclide Etem, University of Virginia",
        "event_subtitle":"Ay\u015fehan J\u00fclide Etem, University of Virginia",
        "event_type":"Lecture \/ Discussion",
        "event_type_id":"13",
        "description":"How do states project power beyond military cooperation? This talk examines the role of educational films, institutional networks, and audiovisual media in shaping the US\u2013Turkey alliance before and during the Cold War. Drawing on *Film Diplomacy: A Media History of Turkey\u2013US Relations *(Columbia University Press, 2026), Etem argues that film was central to the projection of power through international alliances and institution building. Bringing together archival research from Turkey and the United States, the talk traces how governments, universities, philanthropic foundations, and international organizations collaborated to produce, circulate, and exhibit films that supported political, educational, and developmental agendas. By examining film as a technology of governance, the talk offers a new perspective on how media shaped international relations and the making of Cold War alliances in the Middle East.\n\nAy\u015fehan J\u00fclide Etem is Assistant Professor of Media Studies and Director of the Film Studies concentration at the University of Virginia. She is a media historian and documentary film scholar whose research examines how media infrastructures and cultural institutions shape international relations, public life, and systems of power. Her work focuses on global film cultures, public diplomacy, documentary, and the politics of media. She is the author of *Film Diplomacy: A Media History of Turkey\u2013US Relations* (Columbia University Press, 2026), which identifies and examines how institutional networks, educational films and audiovisual media helped construct the US\u2013Turkey alliance before and during the Cold War. Her current research investigates documentary film and gun violence, as well as the history of population control films and reproductive governance. Her work has appeared in journals including *Communication, Culture & Critique*, *Global Perspectives*, the *Historical Journal of Film, Radio and Television*, the* Journal of e-Media Studies*, and *NECSUS: European Journal of Media Studies*, and is forthcoming in Film History.\n\nJoin on Zoom: https:\/\/myumi.ch\/8Jqy2\n\nIf there is anything we can do to make this event accessible to you, please contact us. Please be aware that advance notice is necessary as some accommodations may require more time for the university to arrange. Contact: warsansa@umich.edu",
        "occurrence_notes":null,
                "guid":"150313-21909004@events.umich.edu",
        "permalink":"http:\/\/events.umich.edu\/event\/150313",
        "building_id":"1000165",
        "building_name":"Weiser Hall",
        "campus_maps_id":"47",
        "room":"Room 555",
        "location_name":"Weiser Hall",
        "has_livestream":0,
        "cost":"",
        "tags":["Discussion","Cmenas Colloquium Series","cmenas","center for middle eastern and north african studies","Area Studies","turkey","Lecture"],
        "website":"https:\/\/myumi.ch\/8Jqy2",
        "sponsors":[
             {
                "group_name":"Center for Middle Eastern and North African Studies",
                "group_id":"2563",
                "website":"http:\/\/www.ii.umich.edu\/cmenas"                },             {
                "group_name":"International Institute",
                "group_id":"1968",
                "website":"http:\/\/www.ii.umich.edu"                }                    ],
        "image_url":"https:\/\/events.umich.edu\/media\/attachments\/2026\/08\/event_150313_original-1.jpg",
        "styled_images":{
                                        "event_thumb":"https:\/\/events.umich.edu\/media\/cache\/resolve\/event_thumb\/media\/attachments\/2026\/08\/event_150313_original-1.jpg",
                                            "event_large":"https:\/\/events.umich.edu\/media\/cache\/event_large\/media\/attachments\/2026\/08\/event_150313_original-1.jpg",
                                            "event_large_2x":"https:\/\/events.umich.edu\/media\/cache\/event_large_2x\/media\/attachments\/2026\/08\/event_150313_original-1.jpg",
                                            "event_large_lightbox":"https:\/\/events.umich.edu\/media\/cache\/event_large_lightbox\/media\/attachments\/2026\/08\/event_150313_original-1.jpg",
                                            "group_thumb":"https:\/\/events.umich.edu\/media\/cache\/resolve\/group_thumb\/media\/attachments\/2026\/08\/event_150313_original-1.jpg",
                                            "group_thumb_square":"https:\/\/events.umich.edu\/media\/cache\/resolve\/group_thumb_square\/media\/attachments\/2026\/08\/event_150313_original-1.jpg",
                                            "group_large":"https:\/\/events.umich.edu\/media\/cache\/resolve\/group_large\/media\/attachments\/2026\/08\/event_150313_original-1.jpg",
                                            "group_large_lightbox":"https:\/\/events.umich.edu\/media\/cache\/resolve\/group_large_lightbox\/media\/attachments\/2026\/08\/event_150313_original-1.jpg",
                                            "event_large_crop":"https:\/\/events.umich.edu\/media\/cache\/resolve\/event_large_crop\/media\/attachments\/2026\/08\/event_150313_original-1.jpg",
                                            "event_list":"https:\/\/events.umich.edu\/media\/cache\/resolve\/event_list\/media\/attachments\/2026\/08\/event_150313_original-1.jpg",
                                            "event_list_2x":"https:\/\/events.umich.edu\/media\/cache\/event_list_2x\/media\/attachments\/2026\/08\/event_150313_original-1.jpg",
                                            "event_grid":"https:\/\/events.umich.edu\/media\/cache\/event_grid\/media\/attachments\/2026\/08\/event_150313_original-1.jpg",
                                            "event_grid_2x":"https:\/\/events.umich.edu\/media\/cache\/resolve\/event_grid_2x\/media\/attachments\/2026\/08\/event_150313_original-1.jpg",
                                            "event_feature_large":"https:\/\/events.umich.edu\/media\/cache\/resolve\/event_feature_large\/media\/attachments\/2026\/08\/event_150313_original-1.jpg",
                                            "event_feature_thumb":"https:\/\/events.umich.edu\/media\/cache\/resolve\/event_feature_thumb\/media\/attachments\/2026\/08\/event_150313_original-1.jpg"                    },
        "occurrence_count":1,
        "first_occurrence":21909004
    }    ,    "149156-21905845":
    {
        "datetime_modified":"20260906T022153",
        "datetime_start":"20260916T140000",
        "datetime_end":"20260916T150000",
        "has_end_time":1,
        "date_start":"2026-09-16",
        "date_end":"2026-09-16",
        "time_start":"14:00:00",
        "time_end":"15:00:00",
        "time_zone":"America\/Detroit",
        "event_title":"Fall 2026 - Empowering Your Teaching: Tech, Accessibility, and AI in the Classroom",
        "occurrence_title":"Prompting Part II: Prompts that Work: Unleash the Power of U-M GPT using Context Engineering",
        "combined_title":"Fall 2026 - Empowering Your Teaching: Tech, Accessibility, and AI in the Classroom: Prompting Part II: Prompts that Work: Unleash the Power of U-M GPT using Context Engineering",
        "event_subtitle":"",
        "event_type":"Workshop \/ Seminar",
        "event_type_id":"21",
        "description":"Ready to enhance your courses and simplify your teaching workflow? This comprehensive workshop series equips U-M faculty with the practical tech skills needed for the modern semester. Across this track, you will dive into interactive classroom tools (Poll Everywhere, Ed Discussions), advanced grading and lab platforms (PrairieLearn, Vocareum), and critical digital accessibility strategies (Grackle, Siteimprove).Additionally, a dedicated GenAI pathway will guide you from AI basics to advanced prompt engineering using U-M\u2019s custom tools, including U-M GPT, Maizey, and NotebookLM. Join us for individual sessions or the entire series to build a more engaging, inclusive, and tech-forward classroom.",
        "occurrence_notes":null,
                "guid":"149156-21905845@events.umich.edu",
        "permalink":"http:\/\/events.umich.edu\/event\/149156",
        "building_id":"",
        "building_name":"",
        "campus_maps_id":"",
        "room":"",
        "location_name":"",
        "has_livestream":0,
        "cost":"",
        "tags":["Sessions"],
        "website":"https:\/\/sessions.studentlife.umich.edu\/p\/track\/17330",
        "sponsors":[
             {
                "group_name":"Sessions @ Michigan",
                "group_id":"4791",
                "website":"https:\/\/sessions.studentlife.umich.edu\/"                }                    ],
        "image_url":"",
        "styled_images":{
                                        "event_thumb":"",
                                            "event_large":"",
                                            "event_large_2x":"",
                                            "event_large_lightbox":"",
                                            "group_thumb":"",
                                            "group_thumb_square":"",
                                            "group_large":"",
                                            "group_large_lightbox":"",
                                            "event_large_crop":"",
                                            "event_list":"",
                                            "event_list_2x":"",
                                            "event_grid":"",
                                            "event_grid_2x":"",
                                            "event_feature_large":"",
                                            "event_feature_thumb":""                    },
        "occurrence_count":11,
        "first_occurrence":21905842
    }    ,    "149956-21907431":
    {
        "datetime_modified":"20260806T102043",
        "datetime_start":"20260916T140000",
        "datetime_end":"20260916T150000",
        "has_end_time":1,
        "date_start":"2026-09-16",
        "date_end":"2026-09-16",
        "time_start":"14:00:00",
        "time_end":"15:00:00",
        "time_zone":"America\/Detroit",
        "event_title":"Pre-Health Pop-Up Advising",
        "occurrence_title":"",
        "combined_title":"Pre-Health Pop-Up Advising",
        "event_subtitle":"",
        "event_type":"Other",
        "event_type_id":"22",
        "description":"LSA Newnan Pre-Health Advising comes to YOU! Bring your questions about your pre-health journey and chat with a Pre-Health Advisor on a first-come, first-served basis. Advisors are looking forward to talking with you!",
        "occurrence_notes":null,
                "guid":"149956-21907431@events.umich.edu",
        "permalink":"http:\/\/events.umich.edu\/event\/149956",
        "building_id":"1000158",
        "building_name":"Chemistry Dow Lab",
        "campus_maps_id":"34",
        "room":"Science Learning Center Main Branch: 1720 Chemistry Building",
        "location_name":"Chemistry Dow Lab",
        "has_livestream":0,
        "cost":"",
        "tags":["Newnan","Newnan Academic Advising","Newnan Lsa Academic Advising Center","Newnan Pre-health","Pre-Health","Advising","Pre-professional","slc"],
        "website":"",
        "sponsors":[
             {
                "group_name":"Newnan LSA Pre-Health",
                "group_id":"4049",
                "website":""                }                    ],
        "image_url":"",
        "styled_images":{
                                        "event_thumb":"",
                                            "event_large":"",
                                            "event_large_2x":"",
                                            "event_large_lightbox":"",
                                            "group_thumb":"",
                                            "group_thumb_square":"",
                                            "group_large":"",
                                            "group_large_lightbox":"",
                                            "event_large_crop":"",
                                            "event_list":"",
                                            "event_list_2x":"",
                                            "event_grid":"",
                                            "event_grid_2x":"",
                                            "event_feature_large":"",
                                            "event_feature_thumb":""                    },
        "occurrence_count":4,
        "first_occurrence":21907431
    }    }
